{"id":30,"date":"2018-11-07T14:05:00","date_gmt":"2018-11-07T12:05:00","guid":{"rendered":"https:\/\/gerec.fi\/ikaantyminen-tampereella-tuloksia-t60-ja-tervaskannot-90-tutkimuksista\/"},"modified":"2018-12-14T23:58:30","modified_gmt":"2018-12-14T21:58:30","slug":"","status":"publish","type":"post","link":"https:\/\/www.gerec.fi\/en\/ikaantyminen-tampereella-tuloksia-t60-ja-tervaskannot-90-tutkimuksista\/","title":{"rendered":"","raw":""},"content":{"rendered":"","protected":false,"raw":""},"excerpt":{"rendered":"OHJELMAMarja Jylh\u00e4: TervetuloaJohanna Surakka ja Kirsi Lumme-Sandt: Kuusikymppisen\u00e4 TampereellaMarja Jylh\u00e4: Kuinka voivat yli 90-vuotiaat tamperelaiset?Linda Enroth ja Jutta Pulkki: Terveys, turvallisuus ja asuminen tervaskantojen ja heid\u00e4n l\u00e4heistens\u00e4 silmin Vuonna 2017 k\u00e4ynnistyneess\u00e4 Kuusikymppisen\u00e4 100-vuotiaassa Suomessa -tutkimuksessa tarkastellaan kuusikymppisten tamperelaisten el\u00e4m\u00e4ntilannetta ja&hellip;","protected":false,"raw":""},"author":1,"featured_media":0,"comment_status":"closed","ping_status":"closed","sticky":false,"template":"","format":"standard","meta":{"_mi_skip_tracking":false,"_fi_post_content":"<p>OHJELMA<br \/><strong>Marja Jylh\u00e4<\/strong>: Tervetuloa<br \/><strong>Johanna Surakka<\/strong> ja <strong>Kirsi Lumme-Sandt<\/strong>: Kuusikymppisen\u00e4 Tampereella<br \/><strong>Marja Jylh\u00e4<\/strong>: Kuinka voivat yli 90-vuotiaat tamperelaiset?<br \/><strong>Linda Enroth<\/strong> ja <strong>Jutta Pulkki<\/strong>: Terveys, turvallisuus ja asuminen tervaskantojen ja heid\u00e4n l\u00e4heistens\u00e4 silmin<\/p> <p><em>Vuonna 2017 k\u00e4ynnistyneess\u00e4 Kuusikymppisen\u00e4 100-vuotiaassa Suomessa -tutkimuksessa tarkastellaan kuusikymppisten tamperelaisten el\u00e4m\u00e4ntilannetta ja siin\u00e4 tapahtuneita muutoksia. Pitk\u00e4\u00e4n jatkuneessa yli 90-vuotiaiden el\u00e4m\u00e4ntilanteeseen ja terveyteen kohdistuvassa Tervaskannot 90+ -tutkimushankkeessa puolestaan toteutettiin uusi kysely kev\u00e4\u00e4ll\u00e4 2018, ja nyt esitell\u00e4\u00e4n sen ensimm\u00e4isi\u00e4 tuloksia.<\/em><\/p> <p>J\u00e4rjest\u00e4j\u00e4t: Tampereen yliopiston yhteiskuntatieteiden tiedekunta ja Gerontologian tutkimuskeskus GEREC<\/p> <p>Lis\u00e4tietoja: Suvi Laakso, 050 437 7587, <a href=\"mailto:suvi.laakso@uta.fi\">suvi.laakso@uta.fi<\/a><\/p> ","_fi_post_name":"ikaantyminen-tampereella-tuloksia-t60-ja-tervaskannot-90-tutkimuksista","_fi_post_excerpt":"","_fi_post_title":"Ik\u00e4\u00e4ntyminen Tampereella: tuloksia T60- ja Tervaskannot 90+ -tutkimuksista","_en_post_content":"","_en_post_name":"","_en_post_excerpt":"","_en_post_title":"","edit_language":"en","footnotes":""},"categories":[1],"tags":[],"class_list":["post-30","post","type-post","status-publish","format-standard","hentry","category-yleinen","entry","no-media"],"_links":{"self":[{"href":"https:\/\/www.gerec.fi\/en\/wp-json\/wp\/v2\/posts\/30","targetHints":{"allow":["GET"]}}],"collection":[{"href":"https:\/\/www.gerec.fi\/en\/wp-json\/wp\/v2\/posts"}],"about":[{"href":"https:\/\/www.gerec.fi\/en\/wp-json\/wp\/v2\/types\/post"}],"author":[{"embeddable":true,"href":"https:\/\/www.gerec.fi\/en\/wp-json\/wp\/v2\/users\/1"}],"replies":[{"embeddable":true,"href":"https:\/\/www.gerec.fi\/en\/wp-json\/wp\/v2\/comments?post=30"}],"version-history":[{"count":1,"href":"https:\/\/www.gerec.fi\/en\/wp-json\/wp\/v2\/posts\/30\/revisions"}],"predecessor-version":[{"id":5345,"href":"https:\/\/www.gerec.fi\/en\/wp-json\/wp\/v2\/posts\/30\/revisions\/5345"}],"wp:attachment":[{"href":"https:\/\/www.gerec.fi\/en\/wp-json\/wp\/v2\/media?parent=30"}],"wp:term":[{"taxonomy":"category","embeddable":true,"href":"https:\/\/www.gerec.fi\/en\/wp-json\/wp\/v2\/categories?post=30"},{"taxonomy":"post_tag","embeddable":true,"href":"https:\/\/www.gerec.fi\/en\/wp-json\/wp\/v2\/tags?post=30"}],"curies":[{"name":"wp","href":"https:\/\/api.w.org\/{rel}","templated":true}]}}