{"id":259,"date":"2018-12-11T20:17:06","date_gmt":"2018-12-11T20:17:06","guid":{"rendered":"https:\/\/gerec.fi\/2018\/12\/11\/gerontology-research-center-joins-a-new-cost-action\/"},"modified":"2019-02-21T17:18:09","modified_gmt":"2019-02-21T15:18:09","slug":"","status":"publish","type":"post","link":"https:\/\/www.gerec.fi\/en\/gerontology-research-center-joins-a-new-cost-action\/","title":{"rendered":"","raw":""},"content":{"rendered":"","protected":false,"raw":""},"excerpt":{"rendered":"GEREC has joined an EU-funded COST-action network COST-action network (European Cooperation in Science and Technology IS1402) that focuses on ageism, the generation of joint research projects and on increasing awareness of the topic of ageism on various levels. The COST-action&hellip;","protected":false,"raw":""},"author":1,"featured_media":0,"comment_status":"open","ping_status":"open","sticky":false,"template":"","format":"standard","meta":{"_mi_skip_tracking":false,"_fi_post_content":"<div id=\"articleHeader\"><\/div>                                                                                                                                                                                                                     <div id=\"parent-fieldname-description\">                   GEREC has joined an EU-funded COST-action network                <\/div>                                                                                                                       <div id=\"content-core\">                                                             <div id=\"parent-fieldname-text\">            <p>COST-action network (European Cooperation in Science and Technology IS1402) that focuses on ageism, the generation of joint research projects and on increasing awareness of the topic of ageism on various levels. The COST-action titled <i>Ageism: A Multi-National, Interdisciplinary Perspective<\/i> consists, to date, of representatives from 12 countries and Finland is represented by Pirjo Nikander and Marja Jylh\u00e4 from Gerec, and Maria Ekstr\u00f6m and Soile Juuj\u00e4rvi from LAUREA University of Applied Sciences. The network will run for 4 years.\u00a0 More information on COST-actions in <a href=\"http:\/\/www.cost.eu\/about_cost\"  target=\"_blank\">http:\/\/www.cost.eu\/about_cost<\/a>).<\/p><p>For more information contact <a href=\"mailto:\/\/Pirjo.Nikander@uta.fi\"  target=\"_blank\">Pirjo.Nikander@uta.fi<\/a> <a href=\"mailto:\/\/Marja.Jylha@uta.fi\"  target=\"_blank\">Marja.Jylha@uta.fi<\/a><\/p>        <\/div>                                                                                                                  ","_fi_post_name":"gerontology-research-center-joins-a-new-cost-action","_fi_post_excerpt":"","_fi_post_title":"Gerontology Research Center joins a new COST-action","_en_post_content":"","_en_post_name":"","_en_post_excerpt":"","_en_post_title":"","edit_language":"en","footnotes":""},"categories":[130,1],"tags":[],"class_list":["post-259","post","type-post","status-publish","format-standard","hentry","category-tiedeuutiset","category-yleinen","entry","no-media"],"_links":{"self":[{"href":"https:\/\/www.gerec.fi\/en\/wp-json\/wp\/v2\/posts\/259","targetHints":{"allow":["GET"]}}],"collection":[{"href":"https:\/\/www.gerec.fi\/en\/wp-json\/wp\/v2\/posts"}],"about":[{"href":"https:\/\/www.gerec.fi\/en\/wp-json\/wp\/v2\/types\/post"}],"author":[{"embeddable":true,"href":"https:\/\/www.gerec.fi\/en\/wp-json\/wp\/v2\/users\/1"}],"replies":[{"embeddable":true,"href":"https:\/\/www.gerec.fi\/en\/wp-json\/wp\/v2\/comments?post=259"}],"version-history":[{"count":1,"href":"https:\/\/www.gerec.fi\/en\/wp-json\/wp\/v2\/posts\/259\/revisions"}],"predecessor-version":[{"id":6433,"href":"https:\/\/www.gerec.fi\/en\/wp-json\/wp\/v2\/posts\/259\/revisions\/6433"}],"wp:attachment":[{"href":"https:\/\/www.gerec.fi\/en\/wp-json\/wp\/v2\/media?parent=259"}],"wp:term":[{"taxonomy":"category","embeddable":true,"href":"https:\/\/www.gerec.fi\/en\/wp-json\/wp\/v2\/categories?post=259"},{"taxonomy":"post_tag","embeddable":true,"href":"https:\/\/www.gerec.fi\/en\/wp-json\/wp\/v2\/tags?post=259"}],"curies":[{"name":"wp","href":"https:\/\/api.w.org\/{rel}","templated":true}]}}