{"id":243,"date":"2018-12-11T20:13:45","date_gmt":"2018-12-11T20:13:45","guid":{"rendered":"https:\/\/gerec.fi\/2018\/12\/11\/stress-symptoms-in-midlife-predict-old-age-disability\/"},"modified":"2019-02-21T16:44:41","modified_gmt":"2019-02-21T14:44:41","slug":"","status":"publish","type":"post","link":"https:\/\/www.gerec.fi\/en\/stress-symptoms-in-midlife-predict-old-age-disability\/","title":{"rendered":"","raw":""},"content":{"rendered":"","protected":false,"raw":""},"excerpt":{"rendered":"The recently published prospective cohort study by Dr. Jenni Kulmala and co-workers provides strong evidence that perceived work-related stress in midlife predicts functional limitations and disability later in old age. The results are published in an international scientific journal:Kulmala J,&hellip;","protected":false,"raw":""},"author":1,"featured_media":0,"comment_status":"open","ping_status":"open","sticky":false,"template":"","format":"standard","meta":{"_mi_skip_tracking":false,"_fi_post_content":"<div id=\"articleHeader\"><\/div>                                                                                                                                                                                                                     <div id=\"parent-fieldname-description\">                   The recently published prospective cohort study by Dr. Jenni Kulmala and co-workers provides strong evidence that perceived work-related stress in midlife predicts functional limitations and disability later in old age.                <\/div>                                                                                                                       <div id=\"content-core\">                                                             <div id=\"parent-fieldname-text\">            <p>The results are published in an international scientific journal:<\/p><p>Kulmala J, von Bonsdorff MB, Stenholm S, T\u00f6rm\u00e4kangas T, von Bonsdorff ME, Nyg\u00e5rd CH, Klockars M, Seitsamo J, Ilmarinen J, Rantanen T. Perceived stress symptoms in midlife predict disability in old age. A 28-year prospective cohort study. The Journals of Gerontology Series A: Biological Sciences and Medical Sciences 2013; doi: 10.1093\/gerona\/gls339.<\/p><p>Read more about the research <a href=\"https:\/\/www.jyu.fi\/en\/news\/archive\/2013\/02\/tiedote-2013-02-04-12-01-32-363325\"  target=\"_blank\">here<\/a><\/p>        <\/div>                                                                                                                  ","_fi_post_name":"stress-symptoms-in-midlife-predict-old-age-disability","_fi_post_excerpt":"","_fi_post_title":"Research news: Stress symptoms in midlife predict old-age disability","_en_post_content":"","_en_post_name":"","_en_post_excerpt":"","_en_post_title":"","edit_language":"en","footnotes":""},"categories":[130,1],"tags":[],"class_list":["post-243","post","type-post","status-publish","format-standard","hentry","category-tiedeuutiset","category-yleinen","entry","no-media"],"_links":{"self":[{"href":"https:\/\/www.gerec.fi\/en\/wp-json\/wp\/v2\/posts\/243","targetHints":{"allow":["GET"]}}],"collection":[{"href":"https:\/\/www.gerec.fi\/en\/wp-json\/wp\/v2\/posts"}],"about":[{"href":"https:\/\/www.gerec.fi\/en\/wp-json\/wp\/v2\/types\/post"}],"author":[{"embeddable":true,"href":"https:\/\/www.gerec.fi\/en\/wp-json\/wp\/v2\/users\/1"}],"replies":[{"embeddable":true,"href":"https:\/\/www.gerec.fi\/en\/wp-json\/wp\/v2\/comments?post=243"}],"version-history":[{"count":1,"href":"https:\/\/www.gerec.fi\/en\/wp-json\/wp\/v2\/posts\/243\/revisions"}],"predecessor-version":[{"id":6413,"href":"https:\/\/www.gerec.fi\/en\/wp-json\/wp\/v2\/posts\/243\/revisions\/6413"}],"wp:attachment":[{"href":"https:\/\/www.gerec.fi\/en\/wp-json\/wp\/v2\/media?parent=243"}],"wp:term":[{"taxonomy":"category","embeddable":true,"href":"https:\/\/www.gerec.fi\/en\/wp-json\/wp\/v2\/categories?post=243"},{"taxonomy":"post_tag","embeddable":true,"href":"https:\/\/www.gerec.fi\/en\/wp-json\/wp\/v2\/tags?post=243"}],"curies":[{"name":"wp","href":"https:\/\/api.w.org\/{rel}","templated":true}]}}