{"id":221,"date":"2018-12-11T20:13:45","date_gmt":"2018-12-11T20:13:45","guid":{"rendered":"https:\/\/gerec.fi\/2018\/12\/11\/tutkimusjulkaisu-laiha-syntyessa-lihava-keski-iassa-diabeetikko-vanhuudessa\/"},"modified":"2019-02-21T16:39:48","modified_gmt":"2019-02-21T14:39:48","slug":"","status":"publish","type":"post","link":"https:\/\/www.gerec.fi\/en\/tutkimusjulkaisu-laiha-syntyessa-lihava-keski-iassa-diabeetikko-vanhuudessa\/","title":{"rendered":"","raw":""},"content":{"rendered":"","protected":false,"raw":""},"excerpt":{"rendered":"Yliopistotutkija Mikaela von Bonsdorff: Pienikokoisilla vauvoilla selv\u00e4sti korkeampi veren sokeri- ja insuliinitaso sek\u00e4 suurempi riski sairastua diabetekseen yli 75 vuoden i\u00e4ss\u00e4. Tutkimus on julkaistu kansaiv\u00e4lisess\u00e4 lehdess\u00e4 von Bonsdorff MB, Muller M, Aspelund T, Garcia M, Eiriksdottir G, Rantanen T, Gunnarsdottir&hellip;","protected":false,"raw":""},"author":1,"featured_media":0,"comment_status":"open","ping_status":"open","sticky":false,"template":"","format":"standard","meta":{"_mi_skip_tracking":false,"_fi_post_content":"<div id=\"articleHeader\"><\/div>                                                                                                                                                                                                                     <div id=\"parent-fieldname-description\">                   Yliopistotutkija Mikaela von Bonsdorff: Pienikokoisilla vauvoilla selv\u00e4sti korkeampi veren sokeri- ja insuliinitaso sek\u00e4 suurempi riski sairastua diabetekseen yli 75 vuoden i\u00e4ss\u00e4.                <\/div>                                                                                                                       <div id=\"content-core\">                                                     <div id=\"parent-fieldname-text-34f03f79-33b8-49c6-942f-804d7773d5af\">            <p>Tutkimus on julkaistu kansaiv\u00e4lisess\u00e4 lehdess\u00e4 von Bonsdorff MB, Muller M, Aspelund T, Garcia M, Eiriksdottir G, Rantanen T, Gunnarsdottir I, Birgisdottir BE, Thorsdottir I, Sigurdsson G, Gudnason V, Launer L, Harris TB for the AGES-Reykjavik Study Group. Persistence of the effect of body size at birth on dysglycaemia and type 2 diabetes in old age: the AGES-Reykjavik Study. <i>AGE<\/i> DOI: 10.1007\/s11357-012-9427-5. <a href=\"https:\/\/www.jyu.fi\/ajankohtaista\/arkisto\/2012\/05\/tiedote-2012-05-18-14-36-29-386152\"  target=\"_blank\">Lue t\u00e4st\u00e4 lis\u00e4\u00e4<\/a><\/p>                    <\/div>                                                                                                                      ","_fi_post_name":"tutkimusjulkaisu-laiha-syntyessa-lihava-keski-iassa-diabeetikko-vanhuudessa","_fi_post_excerpt":"","_fi_post_title":"Tutkimusjulkaisu: Laiha syntyess\u00e4, lihava keski-i\u00e4ss\u00e4 - diabeetikko vanhuudessa?","_en_post_content":"","_en_post_name":"","_en_post_excerpt":"","_en_post_title":"","edit_language":"en","footnotes":""},"categories":[130,1],"tags":[],"class_list":["post-221","post","type-post","status-publish","format-standard","hentry","category-tiedeuutiset","category-yleinen","entry","no-media"],"_links":{"self":[{"href":"https:\/\/www.gerec.fi\/en\/wp-json\/wp\/v2\/posts\/221","targetHints":{"allow":["GET"]}}],"collection":[{"href":"https:\/\/www.gerec.fi\/en\/wp-json\/wp\/v2\/posts"}],"about":[{"href":"https:\/\/www.gerec.fi\/en\/wp-json\/wp\/v2\/types\/post"}],"author":[{"embeddable":true,"href":"https:\/\/www.gerec.fi\/en\/wp-json\/wp\/v2\/users\/1"}],"replies":[{"embeddable":true,"href":"https:\/\/www.gerec.fi\/en\/wp-json\/wp\/v2\/comments?post=221"}],"version-history":[{"count":1,"href":"https:\/\/www.gerec.fi\/en\/wp-json\/wp\/v2\/posts\/221\/revisions"}],"predecessor-version":[{"id":5509,"href":"https:\/\/www.gerec.fi\/en\/wp-json\/wp\/v2\/posts\/221\/revisions\/5509"}],"wp:attachment":[{"href":"https:\/\/www.gerec.fi\/en\/wp-json\/wp\/v2\/media?parent=221"}],"wp:term":[{"taxonomy":"category","embeddable":true,"href":"https:\/\/www.gerec.fi\/en\/wp-json\/wp\/v2\/categories?post=221"},{"taxonomy":"post_tag","embeddable":true,"href":"https:\/\/www.gerec.fi\/en\/wp-json\/wp\/v2\/tags?post=221"}],"curies":[{"name":"wp","href":"https:\/\/api.w.org\/{rel}","templated":true}]}}