{"id":220,"date":"2018-12-11T20:13:45","date_gmt":"2018-12-11T20:13:45","guid":{"rendered":"https:\/\/gerec.fi\/2018\/12\/11\/tutkimusjulkaisu-lapset-ja-lapsenlapset-ehkaisevat-itarajan-takaa-muuttaneiden-ikaantyvien-syrjaytymista\/"},"modified":"2019-02-21T16:39:48","modified_gmt":"2019-02-21T14:39:48","slug":"","status":"publish","type":"post","link":"https:\/\/www.gerec.fi\/en\/tutkimusjulkaisu-lapset-ja-lapsenlapset-ehkaisevat-itarajan-takaa-muuttaneiden-ikaantyvien-syrjaytymista\/","title":{"rendered":"","raw":""},"content":{"rendered":"","protected":false,"raw":""},"excerpt":{"rendered":"Tohtoriopiskelija Sari Heikkisen tutkimuksessa ilmeni ett\u00e4 arjen askareet sujuvat ik\u00e4\u00e4ntyvilt\u00e4 maahanmuuttajilta mutta tunnetasolla he kokevat olevansa yksin\u00e4isi\u00e4. Tutkimus on julkaistu kansainv\u00e4lisess\u00e4 tieteenalan lehdess\u00e4 Heikkinen SJ. Exclusion of older Immigrants from the Former Soviet Union to Finland: The meaning of Intergenerational&hellip;","protected":false,"raw":""},"author":1,"featured_media":0,"comment_status":"open","ping_status":"open","sticky":false,"template":"","format":"standard","meta":{"_mi_skip_tracking":false,"_fi_post_content":"<div id=\"articleHeader\"><\/div>                                                                                                                                                                                                                     <div id=\"parent-fieldname-description\">                   Tohtoriopiskelija Sari Heikkisen tutkimuksessa ilmeni ett\u00e4 arjen askareet sujuvat ik\u00e4\u00e4ntyvilt\u00e4 maahanmuuttajilta mutta tunnetasolla he kokevat olevansa yksin\u00e4isi\u00e4.                 <\/div>                                                                                                                       <div id=\"content-core\">                                                     <div id=\"parent-fieldname-text-69ff0204-0c9e-4f4f-a8c9-5cea9ef21842\">            <p>Tutkimus on julkaistu kansainv\u00e4lisess\u00e4 tieteenalan lehdess\u00e4 Heikkinen SJ. Exclusion of older Immigrants from the Former Soviet Union to Finland: The meaning of Intergenerational Relationships, julkaistu Journal of Cross Cultural Gerontology (2011) 26(4), 379-395, <a href=\"http:\/\/www.uta.fi\/ajankohtaista\/tutkimusuutiset\/ilmoitus.html?id=73912\"  target=\"_blank\">lue t\u00e4st\u00e4 lis\u00e4\u00e4<\/a><\/p>                    <\/div>                                                                                                                      ","_fi_post_name":"tutkimusjulkaisu-lapset-ja-lapsenlapset-ehkaisevat-itarajan-takaa-muuttaneiden-ikaantyvien-syrjaytymista","_fi_post_excerpt":"","_fi_post_title":"Tutkimusjulkaisu: Lapset ja lapsenlapset ehk\u00e4isev\u00e4t it\u00e4rajan takaa muuttaneiden ik\u00e4\u00e4ntyvien syrj\u00e4ytymist\u00e4","_en_post_content":"","_en_post_name":"","_en_post_excerpt":"","_en_post_title":"","edit_language":"en","footnotes":""},"categories":[130,1],"tags":[],"class_list":["post-220","post","type-post","status-publish","format-standard","hentry","category-tiedeuutiset","category-yleinen","entry","no-media"],"_links":{"self":[{"href":"https:\/\/www.gerec.fi\/en\/wp-json\/wp\/v2\/posts\/220","targetHints":{"allow":["GET"]}}],"collection":[{"href":"https:\/\/www.gerec.fi\/en\/wp-json\/wp\/v2\/posts"}],"about":[{"href":"https:\/\/www.gerec.fi\/en\/wp-json\/wp\/v2\/types\/post"}],"author":[{"embeddable":true,"href":"https:\/\/www.gerec.fi\/en\/wp-json\/wp\/v2\/users\/1"}],"replies":[{"embeddable":true,"href":"https:\/\/www.gerec.fi\/en\/wp-json\/wp\/v2\/comments?post=220"}],"version-history":[{"count":1,"href":"https:\/\/www.gerec.fi\/en\/wp-json\/wp\/v2\/posts\/220\/revisions"}],"predecessor-version":[{"id":5508,"href":"https:\/\/www.gerec.fi\/en\/wp-json\/wp\/v2\/posts\/220\/revisions\/5508"}],"wp:attachment":[{"href":"https:\/\/www.gerec.fi\/en\/wp-json\/wp\/v2\/media?parent=220"}],"wp:term":[{"taxonomy":"category","embeddable":true,"href":"https:\/\/www.gerec.fi\/en\/wp-json\/wp\/v2\/categories?post=220"},{"taxonomy":"post_tag","embeddable":true,"href":"https:\/\/www.gerec.fi\/en\/wp-json\/wp\/v2\/tags?post=220"}],"curies":[{"name":"wp","href":"https:\/\/api.w.org\/{rel}","templated":true}]}}