{"id":218,"date":"2018-12-11T20:13:45","date_gmt":"2018-12-11T20:13:45","guid":{"rendered":"https:\/\/gerec.fi\/2018\/12\/11\/tutkimusjulkaisu-sosiaalinen-aktiivisuus-pidentaa-elinikaa-ja-vahentaa-iakkaiden-laitoshoidon-tarvetta\/"},"modified":"2019-02-21T16:39:48","modified_gmt":"2019-02-21T14:39:48","slug":"","status":"publish","type":"post","link":"https:\/\/www.gerec.fi\/en\/tutkimusjulkaisu-sosiaalinen-aktiivisuus-pidentaa-elinikaa-ja-vahentaa-iakkaiden-laitoshoidon-tarvetta\/","title":{"rendered":"","raw":""},"content":{"rendered":"","protected":false,"raw":""},"excerpt":{"rendered":"Tohtorikoulutettava Katja Pynn\u00f6nen toteaa tutkimuksessaan ett\u00e4 sosiaalisesti aktiivisemmilla ik\u00e4ihmisill\u00e4 oli noin 17 vuoden seurannan kuluessa pienempi kuolleisuuden ja pitk\u00e4aikaiseen laitoshoitoon sijoittumisen riski kuin sosiaalisiin toimintoihin v\u00e4hemm\u00e4n osallistuvilla. Tutkimustulokset on julkaistu alan kansainv\u00e4lisess\u00e4 tieteellisess\u00e4 aikakauslehdess\u00e4. Pynn\u00f6nen K, T\u00f6rm\u00e4kangas T, Heikkinen R-L,&hellip;","protected":false,"raw":""},"author":1,"featured_media":0,"comment_status":"open","ping_status":"open","sticky":false,"template":"","format":"standard","meta":{"_mi_skip_tracking":false,"_fi_post_content":"<div id=\"articleHeader\"><\/div>                                                                                                                                                                                                                     <div id=\"parent-fieldname-description\">                   Tohtorikoulutettava Katja Pynn\u00f6nen toteaa tutkimuksessaan ett\u00e4 sosiaalisesti aktiivisemmilla ik\u00e4ihmisill\u00e4 oli noin 17 vuoden seurannan kuluessa pienempi kuolleisuuden ja pitk\u00e4aikaiseen laitoshoitoon sijoittumisen riski kuin sosiaalisiin toimintoihin v\u00e4hemm\u00e4n osallistuvilla.                <\/div>                                                                                                                       <div id=\"content-core\">                                                             <div id=\"parent-fieldname-text\">            <p>Tutkimustulokset on julkaistu alan kansainv\u00e4lisess\u00e4 tieteellisess\u00e4 aikakauslehdess\u00e4. Pynn\u00f6nen K, T\u00f6rm\u00e4kangas T, Heikkinen R-L, Rantanen T, Lyyra T-M. (2012). Does social activity decrease risk for institutionalization and mortality in older people? The Journals of Gerontology, Series B: Psychological and Social Sciences, doi: 10.1093\/geronb\/gbs076.<\/p><p>Lue aiheesta lis\u00e4\u00e4 <a href=\"https:\/\/www.jyu.fi\/ajankohtaista\/arkisto\/2012\/10\/tiedote-2012-10-03-10-27-34-236376\"  target=\"_blank\">t\u00e4st\u00e4<\/a><\/p>        <\/div>                                                                                                                  ","_fi_post_name":"tutkimusjulkaisu-sosiaalinen-aktiivisuus-pidentaa-elinikaa-ja-vahentaa-iakkaiden-laitoshoidon-tarvetta","_fi_post_excerpt":"","_fi_post_title":"Tutkimusjulkaisu: Sosiaalinen aktiivisuus pident\u00e4\u00e4 elinik\u00e4\u00e4 ja v\u00e4hent\u00e4\u00e4 i\u00e4kk\u00e4iden laitoshoidon tarvetta","_en_post_content":"","_en_post_name":"","_en_post_excerpt":"","_en_post_title":"","edit_language":"en","footnotes":""},"categories":[130,1],"tags":[],"class_list":["post-218","post","type-post","status-publish","format-standard","hentry","category-tiedeuutiset","category-yleinen","entry","no-media"],"_links":{"self":[{"href":"https:\/\/www.gerec.fi\/en\/wp-json\/wp\/v2\/posts\/218","targetHints":{"allow":["GET"]}}],"collection":[{"href":"https:\/\/www.gerec.fi\/en\/wp-json\/wp\/v2\/posts"}],"about":[{"href":"https:\/\/www.gerec.fi\/en\/wp-json\/wp\/v2\/types\/post"}],"author":[{"embeddable":true,"href":"https:\/\/www.gerec.fi\/en\/wp-json\/wp\/v2\/users\/1"}],"replies":[{"embeddable":true,"href":"https:\/\/www.gerec.fi\/en\/wp-json\/wp\/v2\/comments?post=218"}],"version-history":[{"count":1,"href":"https:\/\/www.gerec.fi\/en\/wp-json\/wp\/v2\/posts\/218\/revisions"}],"predecessor-version":[{"id":5507,"href":"https:\/\/www.gerec.fi\/en\/wp-json\/wp\/v2\/posts\/218\/revisions\/5507"}],"wp:attachment":[{"href":"https:\/\/www.gerec.fi\/en\/wp-json\/wp\/v2\/media?parent=218"}],"wp:term":[{"taxonomy":"category","embeddable":true,"href":"https:\/\/www.gerec.fi\/en\/wp-json\/wp\/v2\/categories?post=218"},{"taxonomy":"post_tag","embeddable":true,"href":"https:\/\/www.gerec.fi\/en\/wp-json\/wp\/v2\/tags?post=218"}],"curies":[{"name":"wp","href":"https:\/\/api.w.org\/{rel}","templated":true}]}}