{"id":217,"date":"2018-12-11T20:13:45","date_gmt":"2018-12-11T20:13:45","guid":{"rendered":"https:\/\/gerec.fi\/2018\/12\/11\/tutkimusjulkaisu-vyotaronymparyksella-ja-tulehdustasolla-yhteisvaikutusta-kuolleisuuteen-90-vuotiailla\/"},"modified":"2019-02-21T16:39:48","modified_gmt":"2019-02-21T14:39:48","slug":"","status":"publish","type":"post","link":"https:\/\/www.gerec.fi\/en\/tutkimusjulkaisu-vyotaronymparyksella-ja-tulehdustasolla-yhteisvaikutusta-kuolleisuuteen-90-vuotiailla\/","title":{"rendered":"","raw":""},"content":{"rendered":"","protected":false,"raw":""},"excerpt":{"rendered":"Tohtoriopiskelija Inna Liskon tutkimuksessa pieni vy\u00f6t\u00e4r\u00f6nymp\u00e4rys yhdistettyn\u00e4 matalaan tulehdustasoon ennakoi alhaista kuolleisuutta 90-vuotiailla naisilla nelj\u00e4n vuoden seurannassa Tutkimustulokset on julkaistu alan kansainv\u00e4lisess\u00e4 tieteellisess\u00e4 aikakauslehdess\u00e4. Lisko I,Tiainen K, Stenholm S, Luukkaala T, Hurme M, Lehtim\u00e4ki T, Hervonen A & Jylh\u00e4 M.&hellip;","protected":false,"raw":""},"author":1,"featured_media":0,"comment_status":"open","ping_status":"open","sticky":false,"template":"","format":"standard","meta":{"_mi_skip_tracking":false,"_fi_post_content":"<div id=\"articleHeader\"><\/div>                                                                                                                                                                                                                     <div id=\"parent-fieldname-description\">                   Tohtoriopiskelija Inna Liskon tutkimuksessa pieni vy\u00f6t\u00e4r\u00f6nymp\u00e4rys yhdistettyn\u00e4 matalaan  tulehdustasoon ennakoi alhaista kuolleisuutta 90-vuotiailla naisilla nelj\u00e4n vuoden seurannassa                <\/div>                                                                                                                       <div id=\"content-core\">                                                             <div id=\"parent-fieldname-text\">            <p>Tutkimustulokset on julkaistu alan kansainv\u00e4lisess\u00e4 tieteellisess\u00e4 aikakauslehdess\u00e4. Lisko I,Tiainen K, Stenholm S, Luukkaala T, Hurme M, Lehtim\u00e4ki T, Hervonen A & Jylh\u00e4 M. 2012. Inflammation, Adiposity and Mortality in the Oldest Old. <i>Rejuvenation Research.<\/i> DOI: 10.1089\/rej.2011.1310 <a href=\"https:\/\/gerec.fi\/wp-content\/uploads\/attachments\/tiedote_Inna.pdf\"  target=\"_blank\">lue t\u00e4st\u00e4 lis\u00e4\u00e4 (pdf).<\/a><\/p>        <\/div>                                                                                                                  ","_fi_post_name":"tutkimusjulkaisu-vyotaronymparyksella-ja-tulehdustasolla-yhteisvaikutusta-kuolleisuuteen-90-vuotiailla","_fi_post_excerpt":"","_fi_post_title":"Tutkimusjulkaisu: Vy\u00f6t\u00e4r\u00f6nymp\u00e4ryksell\u00e4 ja tulehdustasolla yhteisvaikutusta kuolleisuuteen 90-vuotiailla","_en_post_content":"","_en_post_name":"","_en_post_excerpt":"","_en_post_title":"","edit_language":"en","footnotes":""},"categories":[130,1],"tags":[],"class_list":["post-217","post","type-post","status-publish","format-standard","hentry","category-tiedeuutiset","category-yleinen","entry","no-media"],"_links":{"self":[{"href":"https:\/\/www.gerec.fi\/en\/wp-json\/wp\/v2\/posts\/217","targetHints":{"allow":["GET"]}}],"collection":[{"href":"https:\/\/www.gerec.fi\/en\/wp-json\/wp\/v2\/posts"}],"about":[{"href":"https:\/\/www.gerec.fi\/en\/wp-json\/wp\/v2\/types\/post"}],"author":[{"embeddable":true,"href":"https:\/\/www.gerec.fi\/en\/wp-json\/wp\/v2\/users\/1"}],"replies":[{"embeddable":true,"href":"https:\/\/www.gerec.fi\/en\/wp-json\/wp\/v2\/comments?post=217"}],"version-history":[{"count":1,"href":"https:\/\/www.gerec.fi\/en\/wp-json\/wp\/v2\/posts\/217\/revisions"}],"predecessor-version":[{"id":5506,"href":"https:\/\/www.gerec.fi\/en\/wp-json\/wp\/v2\/posts\/217\/revisions\/5506"}],"wp:attachment":[{"href":"https:\/\/www.gerec.fi\/en\/wp-json\/wp\/v2\/media?parent=217"}],"wp:term":[{"taxonomy":"category","embeddable":true,"href":"https:\/\/www.gerec.fi\/en\/wp-json\/wp\/v2\/categories?post=217"},{"taxonomy":"post_tag","embeddable":true,"href":"https:\/\/www.gerec.fi\/en\/wp-json\/wp\/v2\/tags?post=217"}],"curies":[{"name":"wp","href":"https:\/\/api.w.org\/{rel}","templated":true}]}}