{"id":212,"date":"2018-12-11T20:13:44","date_gmt":"2018-12-11T20:13:44","guid":{"rendered":"https:\/\/gerec.fi\/2018\/12\/11\/tutkimusjulkaisu-yli-90-vuotiaat-ovat-terveydeltaan-ja-toimintakyvyltaan-hyvin-heterogeeninen-ikaryhma\/"},"modified":"2019-02-21T16:39:49","modified_gmt":"2019-02-21T14:39:49","slug":"","status":"publish","type":"post","link":"https:\/\/www.gerec.fi\/en\/tutkimusjulkaisu-yli-90-vuotiaat-ovat-terveydeltaan-ja-toimintakyvyltaan-hyvin-heterogeeninen-ikaryhma\/","title":{"rendered":"","raw":""},"content":{"rendered":"","protected":false,"raw":""},"excerpt":{"rendered":"Tervaskannot 90+ -hankkeen viimeisimm\u00e4n postikyselyn tulokset osoittivat, ett\u00e4 terveys ja toimintakyky vaihtelevat suuresti yli 90-vuotiaiden ik\u00e4ryhm\u00e4ss\u00e4. Runsas kolmannes yli 90-vuotiaista el\u00e4\u00e4 itsen\u00e4ist\u00e4 el\u00e4m\u00e4\u00e4 ja suoriutuu ilman toisten apua vaativistakin toiminnoista, mutta suunnilleen nelj\u00e4nnes ei selviydy ilman apua edes arkiel\u00e4m\u00e4n perusasioista,&hellip;","protected":false,"raw":""},"author":1,"featured_media":0,"comment_status":"open","ping_status":"open","sticky":false,"template":"","format":"standard","meta":{"_mi_skip_tracking":false,"_fi_post_content":"<div id=\"articleHeader\"><\/div>                                                                                                                                                                                                                     <div id=\"parent-fieldname-description\">                   Tervaskannot 90+ -hankkeen viimeisimm\u00e4n postikyselyn tulokset osoittivat, ett\u00e4 terveys ja toimintakyky vaihtelevat suuresti yli 90-vuotiaiden ik\u00e4ryhm\u00e4ss\u00e4.                 <\/div>                                                                                                                       <div id=\"content-core\">                                                             <div id=\"parent-fieldname-text\">            <p>Runsas kolmannes yli 90-vuotiaista el\u00e4\u00e4 itsen\u00e4ist\u00e4 el\u00e4m\u00e4\u00e4 ja suoriutuu ilman toisten apua vaativistakin toiminnoista, mutta suunnilleen nelj\u00e4nnes ei selviydy ilman apua edes arkiel\u00e4m\u00e4n perusasioista, pukeutumisesta ja vuoteesta noususta. Ik\u00e4 vaikuttaa olennaisesti terveyteen ja toimintakykyyn; 90-vuotiaat ovat selv\u00e4sti parempikuntoisia kuin 95-vuotiaat.<\/p><p>Tutkimustulokset on julkaistu alan kansallisessa tieteellisess\u00e4 aikakauslehdess\u00e4. Helminen S, Sarkeala T, Enroth L, Hervonen A, Jylh\u00e4 M. Vanhoista vanhimpien terveys ja el\u00e4m\u00e4ntilanne \u2013tuloksia vuoden 2010 Tervaskannot 90+ -tutkimuksesta. Gerontologia 3:162-171, 2012.<\/p>        <\/div>                                                                                                                  ","_fi_post_name":"tutkimusjulkaisu-yli-90-vuotiaat-ovat-terveydeltaan-ja-toimintakyvyltaan-hyvin-heterogeeninen-ikaryhma","_fi_post_excerpt":"","_fi_post_title":"Tutkimusjulkaisu: Yli 90 -vuotiaat ovat terveydelt\u00e4\u00e4n ja toimintakyvylt\u00e4\u00e4n hyvin heterogeeninen ik\u00e4ryhm\u00e4","_en_post_content":"","_en_post_name":"","_en_post_excerpt":"","_en_post_title":"","edit_language":"en","footnotes":""},"categories":[130,1],"tags":[],"class_list":["post-212","post","type-post","status-publish","format-standard","hentry","category-tiedeuutiset","category-yleinen","entry","no-media"],"_links":{"self":[{"href":"https:\/\/www.gerec.fi\/en\/wp-json\/wp\/v2\/posts\/212","targetHints":{"allow":["GET"]}}],"collection":[{"href":"https:\/\/www.gerec.fi\/en\/wp-json\/wp\/v2\/posts"}],"about":[{"href":"https:\/\/www.gerec.fi\/en\/wp-json\/wp\/v2\/types\/post"}],"author":[{"embeddable":true,"href":"https:\/\/www.gerec.fi\/en\/wp-json\/wp\/v2\/users\/1"}],"replies":[{"embeddable":true,"href":"https:\/\/www.gerec.fi\/en\/wp-json\/wp\/v2\/comments?post=212"}],"version-history":[{"count":1,"href":"https:\/\/www.gerec.fi\/en\/wp-json\/wp\/v2\/posts\/212\/revisions"}],"predecessor-version":[{"id":5499,"href":"https:\/\/www.gerec.fi\/en\/wp-json\/wp\/v2\/posts\/212\/revisions\/5499"}],"wp:attachment":[{"href":"https:\/\/www.gerec.fi\/en\/wp-json\/wp\/v2\/media?parent=212"}],"wp:term":[{"taxonomy":"category","embeddable":true,"href":"https:\/\/www.gerec.fi\/en\/wp-json\/wp\/v2\/categories?post=212"},{"taxonomy":"post_tag","embeddable":true,"href":"https:\/\/www.gerec.fi\/en\/wp-json\/wp\/v2\/tags?post=212"}],"curies":[{"name":"wp","href":"https:\/\/api.w.org\/{rel}","templated":true}]}}