{"id":210,"date":"2018-12-11T20:13:44","date_gmt":"2018-12-11T20:13:44","guid":{"rendered":"https:\/\/gerec.fi\/2018\/12\/11\/tutkimusjulkaisu-polven-tekonivel-auttaa-myos-yli-75-vuotiaita\/"},"modified":"2019-02-21T16:39:49","modified_gmt":"2019-02-21T14:39:49","slug":"","status":"publish","type":"post","link":"https:\/\/www.gerec.fi\/en\/tutkimusjulkaisu-polven-tekonivel-auttaa-myos-yli-75-vuotiaita\/","title":{"rendered":"","raw":""},"content":{"rendered":"","protected":false,"raw":""},"excerpt":{"rendered":"LL Katriina Limnellin tutkimuksessa verrattiin polven tekonivelleikkausta odottavia 75-vuotiaita ja sit\u00e4 vanhempia vuotta aikaisemmin ja kahta vuotta aikaisemmin leikkauksen kokeneisiin. Leikkauksen kokeneilla oli v\u00e4hemm\u00e4n kipuja, parempi liikuntakyky ja parempi ADL- toimintakyky. Enemmist\u00f6 leikatuista oli tyytyv\u00e4inen leikkaustulokseen\u00a0 ja arvioi itse terveytens\u00e4&hellip;","protected":false,"raw":""},"author":1,"featured_media":0,"comment_status":"open","ping_status":"open","sticky":false,"template":"","format":"standard","meta":{"_mi_skip_tracking":false,"_fi_post_content":"<div id=\"articleHeader\"><\/div>                                                                                                                                                                                                                                                                                                                                            <div id=\"content-core\">                                                             <div id=\"parent-fieldname-text\">            <p>LL Katriina Limnellin tutkimuksessa verrattiin polven tekonivelleikkausta odottavia 75-vuotiaita ja sit\u00e4 vanhempia vuotta aikaisemmin ja kahta vuotta aikaisemmin leikkauksen kokeneisiin. Leikkauksen kokeneilla oli v\u00e4hemm\u00e4n kipuja, parempi liikuntakyky ja parempi ADL- toimintakyky. Enemmist\u00f6 leikatuista oli tyytyv\u00e4inen leikkaustulokseen\u00a0 ja arvioi itse terveytens\u00e4 ja liikuntakykyns\u00e4 parantuneen. He my\u00f6s k\u00e4yttiv\u00e4t selv\u00e4sti v\u00e4hemm\u00e4n kipul\u00e4\u00e4kkeit\u00e4 polvikipuun kuin leikkausta odottavat.<\/p><p>Limnell K, J\u00e4msen E, Huhtala H, J\u00e4ntti P, Puolakka T, Jylh\u00e4 M. Functional ability, mobility and pain before and after knee replacement in patients aged 75 and older: a cross-sectional study. Aging Clinical and Experimental Research 2012 Nov 12 (epub ahed of printing)<\/p>        <\/div>                                                                                                                  ","_fi_post_name":"tutkimusjulkaisu-polven-tekonivel-auttaa-myos-yli-75-vuotiaita","_fi_post_excerpt":"","_fi_post_title":"Tutkimusjulkaisu: Polven tekonivel auttaa my\u00f6s yli 75-vuotiaita","_en_post_content":"","_en_post_name":"","_en_post_excerpt":"","_en_post_title":"","edit_language":"en","footnotes":""},"categories":[130,1],"tags":[],"class_list":["post-210","post","type-post","status-publish","format-standard","hentry","category-tiedeuutiset","category-yleinen","entry","no-media"],"_links":{"self":[{"href":"https:\/\/www.gerec.fi\/en\/wp-json\/wp\/v2\/posts\/210","targetHints":{"allow":["GET"]}}],"collection":[{"href":"https:\/\/www.gerec.fi\/en\/wp-json\/wp\/v2\/posts"}],"about":[{"href":"https:\/\/www.gerec.fi\/en\/wp-json\/wp\/v2\/types\/post"}],"author":[{"embeddable":true,"href":"https:\/\/www.gerec.fi\/en\/wp-json\/wp\/v2\/users\/1"}],"replies":[{"embeddable":true,"href":"https:\/\/www.gerec.fi\/en\/wp-json\/wp\/v2\/comments?post=210"}],"version-history":[{"count":1,"href":"https:\/\/www.gerec.fi\/en\/wp-json\/wp\/v2\/posts\/210\/revisions"}],"predecessor-version":[{"id":5497,"href":"https:\/\/www.gerec.fi\/en\/wp-json\/wp\/v2\/posts\/210\/revisions\/5497"}],"wp:attachment":[{"href":"https:\/\/www.gerec.fi\/en\/wp-json\/wp\/v2\/media?parent=210"}],"wp:term":[{"taxonomy":"category","embeddable":true,"href":"https:\/\/www.gerec.fi\/en\/wp-json\/wp\/v2\/categories?post=210"},{"taxonomy":"post_tag","embeddable":true,"href":"https:\/\/www.gerec.fi\/en\/wp-json\/wp\/v2\/tags?post=210"}],"curies":[{"name":"wp","href":"https:\/\/api.w.org\/{rel}","templated":true}]}}