{"id":209,"date":"2018-12-11T20:13:44","date_gmt":"2018-12-11T20:13:44","guid":{"rendered":"https:\/\/gerec.fi\/2018\/12\/11\/juho-vainion-saatio-on-myontanyt-rahoitusta\/"},"modified":"2019-02-21T17:31:35","modified_gmt":"2019-02-21T15:31:35","slug":"","status":"publish","type":"post","link":"https:\/\/www.gerec.fi\/en\/juho-vainion-saatio-on-myontanyt-rahoitusta\/","title":{"rendered":"","raw":""},"content":{"rendered":"","protected":false,"raw":""},"excerpt":{"rendered":"TtT Kristina Tiaisen tutkimukseen\u00a0 \u201dPredictors and consequences of frailty \u00a0- a life-course approach\u201d \u00a0(22\u00a0500) ja LTM, tohtoriopiskelija Inna Liskon tutkimukseen\u201d Painoindeksin ja vy\u00f6t\u00e4r\u00f6nymp\u00e4ryksen yhteys toimintakykyyn ja kuolleisuuteen 90-vuotiailla \u201d(11\u00a0250).","protected":false,"raw":""},"author":1,"featured_media":0,"comment_status":"open","ping_status":"open","sticky":false,"template":"","format":"standard","meta":{"_mi_skip_tracking":false,"_fi_post_content":"<div id=\"articleHeader\"><\/div>                                                                                                                                                                                                                                                                                                                                            <div id=\"content-core\">                                                             <div id=\"parent-fieldname-text\">            <p>TtT Kristina Tiaisen tutkimukseen\u00a0 \u201dPredictors and consequences of frailty \u00a0- a life-course approach\u201d \u00a0(22\u00a0500) ja LTM, tohtoriopiskelija Inna Liskon tutkimukseen\u201d Painoindeksin ja vy\u00f6t\u00e4r\u00f6nymp\u00e4ryksen yhteys toimintakykyyn ja kuolleisuuteen 90-vuotiailla \u201d(11\u00a0250).<\/p>        <\/div>                                                                                                                      ","_fi_post_name":"juho-vainion-saatio-on-myontanyt-rahoitusta","_fi_post_excerpt":"","_fi_post_title":"Juho Vainion S\u00e4\u00e4ti\u00f6 on my\u00f6nt\u00e4nyt rahoitusta","_en_post_content":"","_en_post_name":"","_en_post_excerpt":"","_en_post_title":"","edit_language":"en","footnotes":""},"categories":[130,1],"tags":[],"class_list":["post-209","post","type-post","status-publish","format-standard","hentry","category-tiedeuutiset","category-yleinen","entry","no-media"],"_links":{"self":[{"href":"https:\/\/www.gerec.fi\/en\/wp-json\/wp\/v2\/posts\/209","targetHints":{"allow":["GET"]}}],"collection":[{"href":"https:\/\/www.gerec.fi\/en\/wp-json\/wp\/v2\/posts"}],"about":[{"href":"https:\/\/www.gerec.fi\/en\/wp-json\/wp\/v2\/types\/post"}],"author":[{"embeddable":true,"href":"https:\/\/www.gerec.fi\/en\/wp-json\/wp\/v2\/users\/1"}],"replies":[{"embeddable":true,"href":"https:\/\/www.gerec.fi\/en\/wp-json\/wp\/v2\/comments?post=209"}],"version-history":[{"count":1,"href":"https:\/\/www.gerec.fi\/en\/wp-json\/wp\/v2\/posts\/209\/revisions"}],"predecessor-version":[{"id":5496,"href":"https:\/\/www.gerec.fi\/en\/wp-json\/wp\/v2\/posts\/209\/revisions\/5496"}],"wp:attachment":[{"href":"https:\/\/www.gerec.fi\/en\/wp-json\/wp\/v2\/media?parent=209"}],"wp:term":[{"taxonomy":"category","embeddable":true,"href":"https:\/\/www.gerec.fi\/en\/wp-json\/wp\/v2\/categories?post=209"},{"taxonomy":"post_tag","embeddable":true,"href":"https:\/\/www.gerec.fi\/en\/wp-json\/wp\/v2\/tags?post=209"}],"curies":[{"name":"wp","href":"https:\/\/api.w.org\/{rel}","templated":true}]}}