{"id":208,"date":"2018-12-11T20:13:44","date_gmt":"2018-12-11T20:13:44","guid":{"rendered":"https:\/\/gerec.fi\/2018\/12\/11\/gerecin-jyvaskylan-yliopiston-tutkijaryhma-mukana-kansainvalisessa-ikaantymisen-tutkimusohjelmassa\/"},"modified":"2019-02-21T17:31:33","modified_gmt":"2019-02-21T15:31:33","slug":"","status":"publish","type":"post","link":"https:\/\/www.gerec.fi\/en\/gerecin-jyvaskylan-yliopiston-tutkijaryhma-mukana-kansainvalisessa-ikaantymisen-tutkimusohjelmassa\/","title":{"rendered":"","raw":""},"content":{"rendered":"","protected":false,"raw":""},"excerpt":{"rendered":"Gerontologian tutkimuskeskuksen tutkijaryhm\u00e4lle Akatemian rahoitusta Jyv\u00e4skyl\u00e4n yliopistoon hankkeeseen Kuulo, muisti ja hyvinvointi: meluisan ymp\u00e4rist\u00f6n asettamat haasteet i\u00e4kk\u00e4ille henkil\u00f6ille. Suomen Akatemia on my\u00f6nt\u00e4nyt kolmen vuoden tutkimusrahoituksen Jyv\u00e4skyl\u00e4n yliopiston terveystieteiden laitoksen Gerontologian tutkimuskeskuksen tutkijaryhm\u00e4lle hankkeeseen Kuulo, muisti ja hyvinvointi: meluisan ymp\u00e4rist\u00f6n asettamat&hellip;","protected":false,"raw":""},"author":1,"featured_media":0,"comment_status":"open","ping_status":"open","sticky":false,"template":"","format":"standard","meta":{"_mi_skip_tracking":false,"_fi_post_content":"<div id=\"articleHeader\"><\/div>                                                                                                                                                                                                                     <div id=\"parent-fieldname-description\">                   Gerontologian tutkimuskeskuksen tutkijaryhm\u00e4lle Akatemian rahoitusta Jyv\u00e4skyl\u00e4n yliopistoon hankkeeseen Kuulo, muisti ja hyvinvointi: meluisan ymp\u00e4rist\u00f6n asettamat haasteet i\u00e4kk\u00e4ille henkil\u00f6ille.                <\/div>                                                                                                                       <div id=\"content-core\">                                                             <div id=\"parent-fieldname-text\">            <p>Suomen Akatemia on my\u00f6nt\u00e4nyt kolmen vuoden tutkimusrahoituksen Jyv\u00e4skyl\u00e4n yliopiston terveystieteiden laitoksen Gerontologian tutkimuskeskuksen tutkijaryhm\u00e4lle hankkeeseen <i>Kuulo, muisti ja hyvinvointi: meluisan ymp\u00e4rist\u00f6n asettamat haasteet i\u00e4kk\u00e4ille henkil\u00f6ille<\/i>.<\/p><p>Tutkimuksessa selvitet\u00e4\u00e4n kuulemisvaikeuksien vaikutuksia i\u00e4kk\u00e4iden henkil\u00f6iden sosiaaliseen osallistumiseen ja elinpiirin mahdolliseen pienenemiseen. Elinpiirill\u00e4 tarkoitetaan tilaa, jossa ihminen liikkuu sek\u00e4 eri et\u00e4isyyksille tehtyjen matkojen yleisyytt\u00e4. Tutkimus perustuu olettamukselle, ett\u00e4 mahdolliset ik\u00e4muutokset kuulossa ja kognitiivisessa toimintakyvyss\u00e4 sek\u00e4 meluisa ymp\u00e4rist\u00f6, vaikeuttavat i\u00e4kk\u00e4iden henkil\u00f6iden ymp\u00e4rist\u00f6n havainnointia ja saattavat ilmet\u00e4 liikkumisen ep\u00e4varmuutena. I\u00e4kk\u00e4iden henkil\u00f6iden arjessa kohtaamien erilaisten kuulemisongelmien ja niist\u00e4 mahdollisesti aiheutuvien liikkumisongelmien parempi ja laaja-alaisempi ymm\u00e4rt\u00e4minen on tarpeen pyritt\u00e4ess\u00e4 edist\u00e4m\u00e4\u00e4n i\u00e4kk\u00e4iden henkil\u00f6iden aktiivista ja tasa-arvoista osallisuutta yhteiskunnassa.<\/p><p>Hanke on yksi kuudesta monikansallisesta ja monitieteellisest\u00e4 tutkimusprojektista, jotka rahoitettiin ERA-AGE 2:n (European Research Area in Ageing) yhteishankehaussa aiheesta \u201dActive and Healthy Ageing Across the Life Course\u201d.<\/p><p><strong>Tutkimuksen johtaja:<\/strong><\/p><p>Anne Viljanen, TtT, tutkijatohtori<\/p><p>Gerontologian tutkimuskeskus ja terveystieteiden laitos<\/p><p>Jyv\u00e4skyl\u00e4n yliopisto<\/p><p>anne.viljanen@jyu.fi<\/p><p>puh. 040-8053603<\/p><p><a href=\"http:\/\/www.gerec.fi\/\"  target=\"_blank\">www.gerec.fi<\/a><\/p><p><b>Hankkeen kansainv\u00e4lisin\u00e4 tutkimuspartnereina toimivat:<\/b><\/p><p>Daniel A. Levy, The Interdisciplinary Center Herzliya, Israel <br \/>Antje Heinrich, MRC Institute of Hearing Research, Englanti (UK)<br \/>Bruce Schneider, University of Toronto, Kanada<br \/>Jean-Pierre Gagn\u00e9, Universit\u00e9 de Montr\u00e9al, Kanada<\/p>        <\/div>                                                                                                                      ","_fi_post_name":"gerecin-jyvaskylan-yliopiston-tutkijaryhma-mukana-kansainvalisessa-ikaantymisen-tutkimusohjelmassa","_fi_post_excerpt":"","_fi_post_title":"GEREC:in tutkijaryhm\u00e4 mukana kansainv\u00e4lisess\u00e4 ik\u00e4\u00e4ntymisen tutkimusohjelmassa","_en_post_content":"","_en_post_name":"","_en_post_excerpt":"","_en_post_title":"","edit_language":"en","footnotes":""},"categories":[130,1],"tags":[],"class_list":["post-208","post","type-post","status-publish","format-standard","hentry","category-tiedeuutiset","category-yleinen","entry","no-media"],"_links":{"self":[{"href":"https:\/\/www.gerec.fi\/en\/wp-json\/wp\/v2\/posts\/208","targetHints":{"allow":["GET"]}}],"collection":[{"href":"https:\/\/www.gerec.fi\/en\/wp-json\/wp\/v2\/posts"}],"about":[{"href":"https:\/\/www.gerec.fi\/en\/wp-json\/wp\/v2\/types\/post"}],"author":[{"embeddable":true,"href":"https:\/\/www.gerec.fi\/en\/wp-json\/wp\/v2\/users\/1"}],"replies":[{"embeddable":true,"href":"https:\/\/www.gerec.fi\/en\/wp-json\/wp\/v2\/comments?post=208"}],"version-history":[{"count":1,"href":"https:\/\/www.gerec.fi\/en\/wp-json\/wp\/v2\/posts\/208\/revisions"}],"predecessor-version":[{"id":5495,"href":"https:\/\/www.gerec.fi\/en\/wp-json\/wp\/v2\/posts\/208\/revisions\/5495"}],"wp:attachment":[{"href":"https:\/\/www.gerec.fi\/en\/wp-json\/wp\/v2\/media?parent=208"}],"wp:term":[{"taxonomy":"category","embeddable":true,"href":"https:\/\/www.gerec.fi\/en\/wp-json\/wp\/v2\/categories?post=208"},{"taxonomy":"post_tag","embeddable":true,"href":"https:\/\/www.gerec.fi\/en\/wp-json\/wp\/v2\/tags?post=208"}],"curies":[{"name":"wp","href":"https:\/\/api.w.org\/{rel}","templated":true}]}}