{"id":201,"date":"2018-12-11T20:13:44","date_gmt":"2018-12-11T20:13:44","guid":{"rendered":"https:\/\/gerec.fi\/2018\/12\/11\/professori-taina-rantaselle-keski-suomen-kulttuurirahaston-palkinto\/"},"modified":"2019-02-21T17:41:51","modified_gmt":"2019-02-21T15:41:51","slug":"","status":"publish","type":"post","link":"https:\/\/www.gerec.fi\/en\/professori-taina-rantaselle-keski-suomen-kulttuurirahaston-palkinto\/","title":{"rendered":"","raw":""},"content":{"rendered":"","protected":false,"raw":""},"excerpt":{"rendered":"Suomen Kulttuurirahaston Keski-Suomen rahaston 57. vuosijuhlassa 13.5. Jyv\u00e4skyl\u00e4n yliopiston Ruusupuistossa my\u00f6nnettiin Schildtin palkinto, arvoltaan 15 000 euroa, professori Taina Rantaselle h\u00e4nen ansioistaan kansanterveyden ja gerontologian alan tutkimuksen ja koulutuksen kehitt\u00e4j\u00e4n\u00e4. Professori Rantanen tunnetaan kansallisesti parhaiten vuonna 2012 Jyv\u00e4skyl\u00e4ss\u00e4 k\u00e4ynnistyneen Jyv\u00e4skyl\u00e4n&hellip;","protected":false,"raw":""},"author":1,"featured_media":0,"comment_status":"open","ping_status":"open","sticky":false,"template":"","format":"standard","meta":{"_mi_skip_tracking":false,"_fi_post_content":"<div id=\"articleHeader\"><\/div>                                                                                                                                                                                                                     <div id=\"parent-fieldname-description\">                   Suomen Kulttuurirahaston Keski-Suomen rahaston 57. vuosijuhlassa 13.5. Jyv\u00e4skyl\u00e4n yliopiston Ruusupuistossa my\u00f6nnettiin Schildtin palkinto, arvoltaan 15 000 euroa, professori Taina Rantaselle h\u00e4nen ansioistaan kansanterveyden ja gerontologian alan tutkimuksen ja koulutuksen kehitt\u00e4j\u00e4n\u00e4.                 <\/div>                                                                                                                       <div id=\"content-core\">                                                             <div id=\"parent-fieldname-text\">            <p>Professori Rantanen tunnetaan kansallisesti parhaiten vuonna 2012 Jyv\u00e4skyl\u00e4ss\u00e4 k\u00e4ynnistyneen Jyv\u00e4skyl\u00e4n ja Tampereen yliopistojen yhteisen Suomen Gerontologian tutkimuskeskuksen (SGT) aloitteentekij\u00e4n\u00e4 ja ensimm\u00e4isen\u00e4 johtajana. Gerontologia on v\u00e4est\u00f6n ik\u00e4\u00e4ntyess\u00e4 er\u00e4s keskeisin kansanterveyden alan kehitt\u00e4miskohde niin Suomessa kuin kansainv\u00e4lisesti. Professori Rantasen keskeinen kansanterveyden ja gerontologian alan tutkimustoiminta t\u00e4ht\u00e4\u00e4 erityisesti ajankohtaiseen vanhusten toimintakyvyn, liikunnan ja ik\u00e4\u00e4ntyneiden osallisuuden parantamiseen. Lis\u00e4ksi h\u00e4n on ansioitunut tieteellisten tulosten ja vaikutusmekanismien popularisoinnissa ja vienniss\u00e4 erilaisten asiantuntijaryhmien sek\u00e4 poliittisten p\u00e4\u00e4t\u00f6ksentekij\u00f6iden keskuuteen hyv\u00e4ll\u00e4 menestyksell\u00e4.<\/p><p>Taina Rantanen on ty\u00f6skennellyt Jyv\u00e4skyl\u00e4n yliopistossa ja sen projekteissa vuodesta 1985 l\u00e4htien. H\u00e4n on ohjannut v\u00e4it\u00f6skirjoja, tutkijatohtoriprojekteja sek\u00e4 johtanut useita merkitt\u00e4vi\u00e4 tutkimushankkeita, joista on julkaistu yhteens\u00e4 noin 250 kansainv\u00e4list\u00e4 tieteellist\u00e4 artikkelia. Tutkimushankkeet ovat paitsi tuoneet Keski-Suomeen laadulla kilpailtua ulkopuolista tutkimusrahoitusta, my\u00f6s lis\u00e4nneet Jyv\u00e4skyl\u00e4n yliopiston tunnettavuutta kansainv\u00e4lisesti ja kansallisesti sek\u00e4 vahvistaneet Jyv\u00e4skyl\u00e4n yliopiston ja Keski-Suomen kansallista painoarvoa sosiaalisesti suuntautuneen gerontologian (sosiaaligerontologia) tutkimuskehtona maassamme. Professori Rantasen tieteellinen tutkimus kantaa my\u00f6s k\u00e4yt\u00e4nt\u00f6\u00f6n asti, mist\u00e4 osoituksena mm. Vanhusten elinpiiri ja Voimaa vanhuuteen -projektit.<\/p><p>Professori Rantasen vaikutuspiiri ulottuu my\u00f6s maamme rajojen ulkopuolelle. Rantasen ty\u00f6skennelless\u00e4 Maailman terveysj\u00e4rjest\u00f6ss\u00e4 (WHO) lanseerattiin aktiivisena vanhenemisen (Active Ageing) k\u00e4site terveyspoliittisena tavoitteena. Rantasella oli merkitt\u00e4v\u00e4 osuus t\u00e4ss\u00e4 ty\u00f6ss\u00e4 tieteellisen taustadokumentaation tuottamisessa ja k\u00e4sitteen m\u00e4\u00e4rittelyss\u00e4 kansainv\u00e4lisesti hyv\u00e4ksytyksi ja tavoitteeksi kansainv\u00e4lisess\u00e4 terveyspolitiikassa ja kansanterveysty\u00f6ss\u00e4.<\/p><p>Vuosijuhlassa professori Taina Rantanen piti juhlaesitelm\u00e4n otsikolla Aktiivisena vanheneminen \u2013 muutakin kuin liikuntaa.<\/p>        <\/div>                                                                                                                  ","_fi_post_name":"professori-taina-rantaselle-keski-suomen-kulttuurirahaston-palkinto","_fi_post_excerpt":"","_fi_post_title":"Professori Taina Rantaselle Keski-Suomen Kulttuurirahaston palkinto","_en_post_content":"","_en_post_name":"","_en_post_excerpt":"","_en_post_title":"","edit_language":"en","footnotes":""},"categories":[130,1],"tags":[],"class_list":["post-201","post","type-post","status-publish","format-standard","hentry","category-tiedeuutiset","category-yleinen","entry","no-media"],"_links":{"self":[{"href":"https:\/\/www.gerec.fi\/en\/wp-json\/wp\/v2\/posts\/201","targetHints":{"allow":["GET"]}}],"collection":[{"href":"https:\/\/www.gerec.fi\/en\/wp-json\/wp\/v2\/posts"}],"about":[{"href":"https:\/\/www.gerec.fi\/en\/wp-json\/wp\/v2\/types\/post"}],"author":[{"embeddable":true,"href":"https:\/\/www.gerec.fi\/en\/wp-json\/wp\/v2\/users\/1"}],"replies":[{"embeddable":true,"href":"https:\/\/www.gerec.fi\/en\/wp-json\/wp\/v2\/comments?post=201"}],"version-history":[{"count":1,"href":"https:\/\/www.gerec.fi\/en\/wp-json\/wp\/v2\/posts\/201\/revisions"}],"predecessor-version":[{"id":5400,"href":"https:\/\/www.gerec.fi\/en\/wp-json\/wp\/v2\/posts\/201\/revisions\/5400"}],"wp:attachment":[{"href":"https:\/\/www.gerec.fi\/en\/wp-json\/wp\/v2\/media?parent=201"}],"wp:term":[{"taxonomy":"category","embeddable":true,"href":"https:\/\/www.gerec.fi\/en\/wp-json\/wp\/v2\/categories?post=201"},{"taxonomy":"post_tag","embeddable":true,"href":"https:\/\/www.gerec.fi\/en\/wp-json\/wp\/v2\/tags?post=201"}],"curies":[{"name":"wp","href":"https:\/\/api.w.org\/{rel}","templated":true}]}}