{"id":199,"date":"2018-12-11T20:13:44","date_gmt":"2018-12-11T20:13:44","guid":{"rendered":"https:\/\/gerec.fi\/2018\/12\/11\/vaitoskirjatutkija-jari-pirhosen-uusi-tutkimusjulkaisu-yhteydet-palvelutalon-ulkopuolelle\/"},"modified":"2019-02-21T17:41:53","modified_gmt":"2019-02-21T15:41:53","slug":"","status":"publish","type":"post","link":"https:\/\/www.gerec.fi\/en\/vaitoskirjatutkija-jari-pirhosen-uusi-tutkimusjulkaisu-yhteydet-palvelutalon-ulkopuolelle\/","title":{"rendered":"","raw":""},"content":{"rendered":"","protected":false,"raw":""},"excerpt":{"rendered":"Yhteydet palvelutalon ulkopuolelle ja tieto siit\u00e4, ett\u00e4 olisi mahdollisuus tehd\u00e4 erilaisia asioita, vaikka n\u00e4it\u00e4 mahdollisuuksia ei k\u00e4ytt\u00e4isik\u00e4\u00e4n, lis\u00e4\u00e4v\u00e4t tehostetun palveluasumisen asukkaiden autonomiaa. Itsem\u00e4\u00e4r\u00e4\u00e4misen suhteellisuus korostuu tehostetussa palveluasumisessaYhteydet palvelutalon ulkopuolelle tukevat selv\u00e4sti tehostetun palveluasumisen asukkaiden autonomiaa. Asukkaiden autonomian tunnetta lis\u00e4\u00e4 my\u00f6s&hellip;","protected":false,"raw":""},"author":1,"featured_media":0,"comment_status":"open","ping_status":"open","sticky":false,"template":"","format":"standard","meta":{"_mi_skip_tracking":false,"_fi_post_content":"<div id=\"articleHeader\"><\/div>                                                                                                                                                                                                                     <div id=\"parent-fieldname-description\">                   Yhteydet palvelutalon ulkopuolelle ja tieto siit\u00e4, ett\u00e4 olisi mahdollisuus tehd\u00e4 erilaisia asioita, vaikka n\u00e4it\u00e4 mahdollisuuksia ei k\u00e4ytt\u00e4isik\u00e4\u00e4n, lis\u00e4\u00e4v\u00e4t tehostetun palveluasumisen asukkaiden autonomiaa.                <\/div>                                                                                                                       <div id=\"content-core\">                                                             <div id=\"parent-fieldname-text\"><h3><span>Itsem\u00e4\u00e4r\u00e4\u00e4misen suhteellisuus korostuu tehostetussa palveluasumisessa<\/span><\/h3><p>Yhteydet palvelutalon ulkopuolelle tukevat selv\u00e4sti tehostetun palveluasumisen asukkaiden autonomiaa. Asukkaiden autonomian tunnetta lis\u00e4\u00e4 my\u00f6s tieto siit\u00e4, ett\u00e4 heill\u00e4 olisi mahdollisuus tehd\u00e4 erilaisia asioita, vaikkeiv\u00e4t he n\u00e4it\u00e4 mahdollisuuksia k\u00e4ytt\u00e4isik\u00e4\u00e4n.<\/p><p>Tampereen yliopistossa tehdyss\u00e4 tutkimuksessa todettiin, ett\u00e4 autonomian eli itsem\u00e4\u00e4r\u00e4\u00e4misen suhteellinen luonne korostuu vanhoille ihmisille suunnatussa tehostetussa palveluasumisessa. Autonomiaan vaikuttavat sek\u00e4 ihmisen oma toimintakyky ett\u00e4 ymp\u00e4rist\u00f6.<\/p><p>Tehostettuun palveluasumiseen p\u00e4\u00e4sevien ihmisten toimintakyky on nykyisin jo l\u00e4ht\u00f6kohtaisesti huono. Tutkimukseen haastatellut asukkaat kuitenkin korostivat j\u00e4ljell\u00e4 olevaa toimintakyky\u00e4\u00e4n ja sopeuttivat tekemisi\u00e4\u00e4n omaan toimintakykyyns\u00e4, kuten aiemmissa tutkimuksissakin on havaittu.<\/p><p>\u00a0- Mielenkiintoinen l\u00f6yd\u00f6s oli se, ett\u00e4 omaa toimintakyky\u00e4 korostettiin my\u00f6s vertaamalla sit\u00e4 niihin, joiden toimintakyky oli huonompi, kertoo v\u00e4it\u00f6skirjatutkija <strong>Jari Pirhonen<\/strong>.<\/p><p>\u00a0- Tutkimus tukeekin n\u00e4kemyst\u00e4, jonka mukaan toimintakyky on muutakin kuin mitattavissa oleva asia; se liittyy my\u00f6s subjektiiviseen kokemukseen siit\u00e4, kuinka ihminen p\u00e4rj\u00e4\u00e4 omassa elinymp\u00e4rist\u00f6ss\u00e4\u00e4n, Pirhonen toteaa.<\/p><p>Tutkimuksessa havaittiin, ett\u00e4 itsem\u00e4\u00e4r\u00e4\u00e4misen tunne liittyi usein vahvasti erilaisten mahdollisuuksien olemassaoloon.<\/p><p>- Ihmiset puhuvat siit\u00e4, kuinka he halutessaan voisivat tehd\u00e4 erilaisia asioita, menn\u00e4 esimerkiksi invataksilla kyl\u00e4\u00e4n yst\u00e4vien luokse, vaikka eiv\u00e4t n\u00e4it\u00e4 mahdollisuuksia olleetkaan toteuttaneet.\u00a0 Itsem\u00e4\u00e4r\u00e4\u00e4misen tunteen kannalta pelkk\u00e4 mahdollisuuden olemassaolo n\u00e4ytti usein olevan yht\u00e4 merkityksellinen asia kuin asioiden tekeminen, Pirhonen sanoo.<\/p><p>Pirhonen arvioi, ett\u00e4 mahdollisuuksien olemassaolo on tehostetussa palveluasumisessa olevalle merkityksellisemp\u00e4\u00e4 kuin muille.<\/p><p>- Mahdollisuuksien olemassaolo luo asukkaille positiivisia tulevaisuuden odotuksia ymp\u00e4rist\u00f6ss\u00e4, joka usein miellet\u00e4\u00e4n heikkenemisen, luopumisen ja lopulta kuoleman n\u00e4ytt\u00e4m\u00f6ksi.<\/p><p>My\u00f6s yhteydet palvelutalon ulkopuolelle tukivat selv\u00e4sti vanhojen ihmisten autonomiaa. Sukulaiset ja yst\u00e4v\u00e4t hankkivat asukkaille heid\u00e4n tarvitsemiaan asioita ja veiv\u00e4t heit\u00e4 ulos talosta.<\/p><p>Tutkimuksen aineisto ker\u00e4ttiin osallistuvalla havainnoinnilla ja asukashaastatteluilla etel\u00e4suomalaisessa tehostetun palveluasumisen palvelutalossa vuosina 2013\u20132014.<\/p><p><strong>Tutkimusartikkeli:<\/strong><br \/><em>Pirhonen, J. and Pietil\u00e4, I. (2016) Perceived resident-facility fit and sense of control in assisted living. Journal of Aging Studies. doi:10.1016\/j.jaging.2016.04.006<\/em><\/p><p>\u00a0Luettavissa ja ladattavissa 2.7.2016 saakka:<br \/><a href=\"http:\/\/authors.elsevier.com\/a\/1T1MT3AT7i71n7\"  target=\"_blank\">http:\/\/authors.elsevier.com\/a\/1T1MT3AT7i71n7<\/a><\/p><p>\u00a0<strong>Lis\u00e4tietoja:<\/strong><br \/>V\u00e4it\u00f6skirjatutkija Jari Pirhonen, 050 318 7336, <a href=\"mailto:\/\/jari.pirhonen@uta.fi\"  target=\"_blank\">jari.pirhonen@uta.fi<\/a><br \/>Tampereen yliopiston terveystieteiden yksikk\u00f6<\/p><p>TAMPEREEN YLIOPISTON TIEDOTE 23.5.2016<\/p><\/div>                                                                                                                  ","_fi_post_name":"vaitoskirjatutkija-jari-pirhosen-uusi-tutkimusjulkaisu-yhteydet-palvelutalon-ulkopuolelle","_fi_post_excerpt":"","_fi_post_title":"V\u00e4it\u00f6skirjatutkija Jari Pirhosen uusi tutkimusjulkaisu:","_en_post_content":"","_en_post_name":"","_en_post_excerpt":"","_en_post_title":"","edit_language":"en","footnotes":""},"categories":[130,1],"tags":[],"class_list":["post-199","post","type-post","status-publish","format-standard","hentry","category-tiedeuutiset","category-yleinen","entry","no-media"],"_links":{"self":[{"href":"https:\/\/www.gerec.fi\/en\/wp-json\/wp\/v2\/posts\/199","targetHints":{"allow":["GET"]}}],"collection":[{"href":"https:\/\/www.gerec.fi\/en\/wp-json\/wp\/v2\/posts"}],"about":[{"href":"https:\/\/www.gerec.fi\/en\/wp-json\/wp\/v2\/types\/post"}],"author":[{"embeddable":true,"href":"https:\/\/www.gerec.fi\/en\/wp-json\/wp\/v2\/users\/1"}],"replies":[{"embeddable":true,"href":"https:\/\/www.gerec.fi\/en\/wp-json\/wp\/v2\/comments?post=199"}],"version-history":[{"count":1,"href":"https:\/\/www.gerec.fi\/en\/wp-json\/wp\/v2\/posts\/199\/revisions"}],"predecessor-version":[{"id":5398,"href":"https:\/\/www.gerec.fi\/en\/wp-json\/wp\/v2\/posts\/199\/revisions\/5398"}],"wp:attachment":[{"href":"https:\/\/www.gerec.fi\/en\/wp-json\/wp\/v2\/media?parent=199"}],"wp:term":[{"taxonomy":"category","embeddable":true,"href":"https:\/\/www.gerec.fi\/en\/wp-json\/wp\/v2\/categories?post=199"},{"taxonomy":"post_tag","embeddable":true,"href":"https:\/\/www.gerec.fi\/en\/wp-json\/wp\/v2\/tags?post=199"}],"curies":[{"name":"wp","href":"https:\/\/api.w.org\/{rel}","templated":true}]}}