{"id":198,"date":"2018-12-11T20:13:44","date_gmt":"2018-12-11T20:13:44","guid":{"rendered":"https:\/\/gerec.fi\/2018\/12\/11\/tutkimusjulkaisu-alykkaat-nuoret-sailyttavat-fyysisen-toimintakyvyn-vanhana\/"},"modified":"2019-02-21T16:39:49","modified_gmt":"2019-02-21T14:39:49","slug":"","status":"publish","type":"post","link":"https:\/\/www.gerec.fi\/en\/tutkimusjulkaisu-alykkaat-nuoret-sailyttavat-fyysisen-toimintakyvyn-vanhana\/","title":{"rendered":"","raw":""},"content":{"rendered":"","protected":false,"raw":""},"excerpt":{"rendered":"Uuden Jyv\u00e4skyl\u00e4n yliopiston tutkimuksen mukaan varhaisen aikuisuuden \u00e4lylliset kyvyt ovat yhteydess\u00e4 vanhuuden fyysiseen toimintakykyyn - Fyysinen ja kognitiivinen toimintakyky ovat t\u00e4rkeit\u00e4 tekij\u00f6it\u00e4 itsen\u00e4isen el\u00e4m\u00e4n ja el\u00e4m\u00e4nlaadun s\u00e4ilymisen kannalta. Kognitiivinen heikentyminen huonontaa motorisista teht\u00e4vist\u00e4 suoriutumista, toteaa tohtorikoulutettava Taina Poranen-Clark.Jyv\u00e4skyl\u00e4n yliopistossa tehty&hellip;","protected":false,"raw":""},"author":1,"featured_media":0,"comment_status":"open","ping_status":"open","sticky":false,"template":"","format":"standard","meta":{"_mi_skip_tracking":false,"_fi_post_content":"<div id=\"articleHeader\"><\/div>                                                                                                                                                                                                                     <div id=\"parent-fieldname-description\">                   Uuden Jyv\u00e4skyl\u00e4n yliopiston tutkimuksen mukaan varhaisen aikuisuuden \u00e4lylliset kyvyt ovat yhteydess\u00e4 vanhuuden fyysiseen toimintakykyyn                <\/div>                                                                                                                       <div id=\"content-core\">                                                             <div id=\"parent-fieldname-text\">            <p>- Fyysinen ja kognitiivinen toimintakyky ovat t\u00e4rkeit\u00e4 tekij\u00f6it\u00e4 itsen\u00e4isen el\u00e4m\u00e4n ja el\u00e4m\u00e4nlaadun s\u00e4ilymisen kannalta. Kognitiivinen heikentyminen huonontaa motorisista teht\u00e4vist\u00e4 suoriutumista, toteaa tohtorikoulutettava <b>Taina Poranen-Clark.<\/b><\/p><p>Jyv\u00e4skyl\u00e4n yliopistossa tehty tutkimus perustuu Helsinki Birth Cohort Studyn aineistoon. Tutkimukseen osallistui 360 vuosina 1934-44 syntynytt\u00e4 suomalaista miest\u00e4. He olivat suorittaneet nuorina aikuisina vuosina 1952-72 armeijassa ollessaan\u00a0 \u00e4lykkyystestin, joka sis\u00e4lsi matemaattista, suullista sek\u00e4 visuaalista p\u00e4\u00e4ttelytaitoa mittaavia teht\u00e4vi\u00e4. Fyysinen toimintakyky arvioitiin kyselylomakkeella 61 ja 71 vuoden i\u00e4ss\u00e4.\u00a0 Kyselylomakkeella selvitettiin tutkittavien omaa k\u00e4sityst\u00e4 siit\u00e4, miten he kykenev\u00e4t suoriutumaan fyysist\u00e4 suorituskyky\u00e4 vaativista p\u00e4ivitt\u00e4iseen el\u00e4m\u00e4\u00e4n liittyvist\u00e4 teht\u00e4vist\u00e4, kuten ostosten kantamisesta, portaiden noususta tai k\u00e4velyst\u00e4.<\/p><p>Miehet, jotka suoriutuivat paremmin armeijan \u00e4lykkyystestist\u00e4, kokivat fyysisen toimintakykyns\u00e4 paremmaksi varhaisessa vanhuudessa kuin ne miehet, jotka suoriutuivat testist\u00e4 heikommin. Sama trendi jatkui viel\u00e4 kymmenen vuoden seurannan j\u00e4lkeenkin.<\/p><p>Varhaista aikuisuutta voidaan pit\u00e4\u00e4 ajanjaksona, jolloin aivojen kehitys on huipussaan. T\u00e4ll\u00e4 on mahdollisesti vaikutuksia kognitiiviseen reservikapasiteettiin vanhuudessa, joka on puolestaan yhteydess\u00e4 fyysisen toimintakyvyn s\u00e4ilymiseen hyv\u00e4n\u00e4. Hyv\u00e4 kognitiivinen reservikapasiteetti suojaa aivoja pidemp\u00e4\u00e4n rakenteellisilta ja toiminnallisilta ik\u00e4\u00e4ntymismuutoksilta.<\/p><p>- Lapsuuden sosioekonominen tausta sek\u00e4 aikuisuuden painoindeksi ovat tekij\u00f6it\u00e4, jotka ovat yhteydess\u00e4 kognitiiviseen ja fyysiseen toimintakykyyn. N\u00e4m\u00e4 tekij\u00e4t otettiin huomioon t\u00e4ss\u00e4 tutkimuksessa, Poranen-Clark toteaa.<\/p><p>- Elini\u00e4n pidentyess\u00e4 on t\u00e4rke\u00e4\u00e4 selvitt\u00e4\u00e4 tekij\u00f6it\u00e4, jotka ovat yhteydess\u00e4 kognitiiviseen ja fyysiseen toimintakykyyn vanhuudessa. Tutkimuksessa saatu yhteys viittaa siihen, ett\u00e4 tukemalla yksil\u00f6n kognitiivista kehityst\u00e4 voidaan edist\u00e4\u00e4 kognitiivista reservikapasiteettia, ja n\u00e4in vaikuttaa parempaan fyysiseen toimintakykyyn vanhuudessa, Taina Poranen-Clark sanoo.<\/p><p>Lis\u00e4tietoja antaa: <br \/>Taina Poranen-Clark, Gerontologian tutkimuskeskus ja terveystieteiden laitos, Jyv\u00e4skyl\u00e4n yliopisto, p. 040-8054950 , taina.poranen-clark@jyu.fi<\/p><p>Alkuper\u00e4isjulkaisu: Taina Poranen-Clark, Mikaela B. von Bonsdorff, Timo T\u00f6rm\u00e4kangas, Jari Lahti, Niko Wasenius, Katri R\u00e4ikk\u00f6nen, Clive Osmond, Minna K. Salonen, Taina Rantanen, Eero Kajantie, Johan G. Eriksson. Intellectual Ability in Young Adulthood as an Antecedent of Physical Functioning in Old Age. Age and Ageing 2016;0:1-5 doi: 10.1093\/ageing\/afw087<\/p>        <\/div>                                                                                                                  ","_fi_post_name":"tutkimusjulkaisu-alykkaat-nuoret-sailyttavat-fyysisen-toimintakyvyn-vanhana","_fi_post_excerpt":"","_fi_post_title":"Tutkimusjulkaisu: \u00c4lykk\u00e4\u00e4t nuoret s\u00e4ilytt\u00e4v\u00e4t fyysisen toimintakyvyn vanhana","_en_post_content":"","_en_post_name":"","_en_post_excerpt":"","_en_post_title":"","edit_language":"en","footnotes":""},"categories":[130,1],"tags":[],"class_list":["post-198","post","type-post","status-publish","format-standard","hentry","category-tiedeuutiset","category-yleinen","entry","no-media"],"_links":{"self":[{"href":"https:\/\/www.gerec.fi\/en\/wp-json\/wp\/v2\/posts\/198","targetHints":{"allow":["GET"]}}],"collection":[{"href":"https:\/\/www.gerec.fi\/en\/wp-json\/wp\/v2\/posts"}],"about":[{"href":"https:\/\/www.gerec.fi\/en\/wp-json\/wp\/v2\/types\/post"}],"author":[{"embeddable":true,"href":"https:\/\/www.gerec.fi\/en\/wp-json\/wp\/v2\/users\/1"}],"replies":[{"embeddable":true,"href":"https:\/\/www.gerec.fi\/en\/wp-json\/wp\/v2\/comments?post=198"}],"version-history":[{"count":1,"href":"https:\/\/www.gerec.fi\/en\/wp-json\/wp\/v2\/posts\/198\/revisions"}],"predecessor-version":[{"id":5397,"href":"https:\/\/www.gerec.fi\/en\/wp-json\/wp\/v2\/posts\/198\/revisions\/5397"}],"wp:attachment":[{"href":"https:\/\/www.gerec.fi\/en\/wp-json\/wp\/v2\/media?parent=198"}],"wp:term":[{"taxonomy":"category","embeddable":true,"href":"https:\/\/www.gerec.fi\/en\/wp-json\/wp\/v2\/categories?post=198"},{"taxonomy":"post_tag","embeddable":true,"href":"https:\/\/www.gerec.fi\/en\/wp-json\/wp\/v2\/tags?post=198"}],"curies":[{"name":"wp","href":"https:\/\/api.w.org\/{rel}","templated":true}]}}