{"id":197,"date":"2018-12-11T20:13:44","date_gmt":"2018-12-11T20:13:44","guid":{"rendered":"https:\/\/gerec.fi\/2018\/12\/11\/tutkimusjulkaisu-kuulovaikeudet-heikentavat-iakkaiden-elamanlaatua\/"},"modified":"2019-02-21T16:39:49","modified_gmt":"2019-02-21T14:39:49","slug":"","status":"publish","type":"post","link":"https:\/\/www.gerec.fi\/en\/tutkimusjulkaisu-kuulovaikeudet-heikentavat-iakkaiden-elamanlaatua\/","title":{"rendered":"","raw":""},"content":{"rendered":"","protected":false,"raw":""},"excerpt":{"rendered":"Heikentyneell\u00e4 kuulolla havaittiin olevan laaja-alaisia vaikutuksia paitsi i\u00e4kk\u00e4iden henkil\u00f6iden kommunikointikykyyn, my\u00f6s heid\u00e4n kykyyns\u00e4 liikkua ja osallistua erilaisiin harrastuksiin ja toimintoihin ilmenee Jyv\u00e4skyl\u00e4n yliopiston, Gerontologian tutkimuskeskuksen tutkimuksessa. T\u00e4m\u00e4 ilmenee Suomen Akatemian rahoittamista tutkimuksista, joiden tulokset on julkaistu alan kansainv\u00e4lisiss\u00e4 tieteellisiss\u00e4 aikakauslehdiss\u00e4.\"Viimeaikaisissa&hellip;","protected":false,"raw":""},"author":1,"featured_media":0,"comment_status":"open","ping_status":"open","sticky":false,"template":"","format":"standard","meta":{"_mi_skip_tracking":false,"_fi_post_content":"<div id=\"articleHeader\"><\/div>                                                                                                                                                                                                                     <div id=\"parent-fieldname-description\">                   Heikentyneell\u00e4 kuulolla havaittiin olevan laaja-alaisia vaikutuksia paitsi i\u00e4kk\u00e4iden henkil\u00f6iden kommunikointikykyyn, my\u00f6s heid\u00e4n kykyyns\u00e4 liikkua ja osallistua erilaisiin harrastuksiin ja toimintoihin ilmenee Jyv\u00e4skyl\u00e4n yliopiston, Gerontologian tutkimuskeskuksen tutkimuksessa.                <\/div>                                                                                                                       <div id=\"content-core\">                                                             <div id=\"parent-fieldname-text\">            <p>T\u00e4m\u00e4 ilmenee Suomen Akatemian rahoittamista tutkimuksista, joiden tulokset on julkaistu alan kansainv\u00e4lisiss\u00e4 tieteellisiss\u00e4 aikakauslehdiss\u00e4.<\/p><p>\"Viimeaikaisissa tutkimuksissa olemme havainneet, ett\u00e4 kuulovaikeuksia kokevilla i\u00e4kk\u00e4ill\u00e4 henkil\u00f6ill\u00e4 on pienempi elinpiiri ja kuulovaikeudet heikent\u00e4v\u00e4t heid\u00e4n el\u00e4m\u00e4nlaatuaan\", kertoo tohtorikoulutettava<b> Hannele Polku.<\/b><\/p><p>Polku tutki Jyv\u00e4skyl\u00e4n seudulla asuvien 75\u00ad\u00ad\u201390-vuotiaiden naisten ja miesten, yhteens\u00e4 848 henkil\u00f6n, liikkumista omassa elinpiiriss\u00e4\u00e4n. Tutkimuksessa huomioitiin elinpiirin laajuus, liikkumiskerrat ja liikkumiseen tarvittava apu. Elinpiiriss\u00e4 liikkuminen kuvaa paitsi yksil\u00f6n liikkumiskyky\u00e4, my\u00f6s h\u00e4nen mahdollisuuksiaan osallistua erilaisiin kodin ulkopuolisiin tapahtumiin.<\/p><p>Tulosten mukaan henkil\u00f6t, jotka kokivat kuulovaikeuksia arjen eri tilanteissa, liikkuivat elinpiiriss\u00e4\u00e4n v\u00e4hemm\u00e4n kuin kuulonsa hyv\u00e4ksi kokevat henkil\u00f6t. Kahden vuoden seurannan aikana tutkittavien elinpiiri rajoittui pelk\u00e4st\u00e4\u00e4n l\u00e4hiymp\u00e4rist\u00f6n alueelle l\u00e4hes kaksi kertaa todenn\u00e4k\u00f6isemmin heikkokuuloisilla henkil\u00f6ill\u00e4. Hyv\u00e4kuuloisten henkil\u00f6iden elinpiiri s\u00e4ilyi useammin rajoittumattomana.<\/p><p><b>Kuulovaikeuksien seurauksia ei huomioida tarpeeksi<\/b><\/p><p>Aiemmissa tutkimuksissa on huomattu, ett\u00e4 laaja elinpiiri ja toisaalta hyv\u00e4 kuulokyky ovat yhteydess\u00e4 i\u00e4kk\u00e4iden henkil\u00f6iden hyv\u00e4ksi koettuun el\u00e4m\u00e4nlaatuun. Aiempaa tutkimusn\u00e4ytt\u00f6\u00e4 kuulon ja el\u00e4m\u00e4nlaadun v\u00e4lisist\u00e4 yhteyksist\u00e4 on olemassa, mutta aiemmat tutkimukset eiv\u00e4t ole huomioineet tarkemmin kuulon ja el\u00e4m\u00e4nlaadun eri osa-alueiden yhteyksi\u00e4.<\/p><p>\"Tutkimuksemme mukaan audiometrisesti mitattu kuulo ei yksin riit\u00e4 kertomaan siit\u00e4, kuinka henkil\u00f6 kokee kuulovaikeutensa ja kuinka ne vaikuttavat h\u00e4nen p\u00e4ivitt\u00e4iseen el\u00e4m\u00e4\u00e4ns\u00e4. Esimerkiksi henkil\u00f6, jonka arkeen sis\u00e4ltyy paljon sosiaalisia kontakteja ja kommunikointia toisten kanssa, voi kokea liev\u00e4nkin kuulon heikentymisen haittaavan h\u00e4nen p\u00e4ivitt\u00e4ist\u00e4 toimintaansa. Henkil\u00f6lle, joka viihtyy enemm\u00e4n yksin teht\u00e4vien toimien parissa, samanasteinen muutos kuulossa ei aiheuta yht\u00e4 paljon vaikeuksia\", toteaa Polku.<\/p><p>Polun mukaan kuulovaikeudet tulisi tunnistaa ja huomioida entist\u00e4 paremmin i\u00e4kk\u00e4\u00e4n henkil\u00f6n hakeutuessa terveydenhuollon palveluihin.<\/p><p>\"Kuulovaikeudet n\u00e4hd\u00e4\u00e4n usein ik\u00e4\u00e4ntymisen v\u00e4ltt\u00e4m\u00e4tt\u00f6m\u00e4n\u00e4 seurauksena ja t\u00e4m\u00e4n vuoksi niiden vaikutus ik\u00e4\u00e4ntyneiden ihmisten p\u00e4ivitt\u00e4iseen el\u00e4m\u00e4\u00e4n j\u00e4\u00e4 helposti liian v\u00e4h\u00e4lle huomiolle. Esimerkiksi julkisten tilojen ja toimintojen suunnittelussa tulisi kiinnitt\u00e4\u00e4 huomiota siihen, ett\u00e4 ymp\u00e4rist\u00f6 mahdollistaa my\u00f6s heikkokuuloisten henkil\u00f6iden aktiivisen osallistumisen.\"<\/p><p>Tutkimukset on toteutettu Jyv\u00e4skyl\u00e4n yliopiston ja Tampereen yliopiston yhteisess\u00e4 Gerontologian tutkimuskeskuksessa. Tutkimukset ovat osa kansainv\u00e4list\u00e4 Kuulo, muisti ja hyvinvointi -hanketta.<\/p><p>Lis\u00e4tietoja:<\/p><ul><li>Tohtorikoulutettava Hannele Polku, Jyv\u00e4skyl\u00e4n yliopisto, Gerontologian tutkimuskeskus, <a href=\"mailto:\/\/hannele.i.polku@jyu.fi\"  target=\"_blank\">hannele.i.polku@jyu.fi<\/a><\/li><li>Gerontologian tutkimuskeskus: <a href=\"http:\/\/www.gerec.fi\/\"  target=\"_blank\">http:\/\/www.gerec.fi\/<\/a> <\/li><li>Tutkimusartikkelit:<\/li><\/ul><p>Polku H., Mikkola T.M., Rantakokko M., Portegijs E., T\u00f6rm\u00e4kangas T., Rantanen T., Viljanen A. <a href=\"http:\/\/psychsocgerontology.oxfordjournals.org\/content\/early\/2016\/05\/05\/geronb.gbw045.abstract\"  target=\"_blank\">Hearing and Quality of Life among Community-Dwelling Older Adults.<\/a> The Journal of Gerontology: Social Sciences. 2016 doi: 10.1093\/geronb\/gbw045.<\/p><p>Polku H., Mikkola T.M., Rantakokko M., Portegijs E., T\u00f6rm\u00e4kangas T., Rantanen T., Viljanen A. <a href=\"http:\/\/bmcgeriatr.biomedcentral.com\/articles\/10.1186\/s12877-015-0119-8\"  target=\"_blank\">Self-reported hearing difficulties and changes in life-space mobility among community-dwelling older adults: a two-year follow-up study<\/a>. BMC Geriatrics 2015, 15:121. doi: 10.1186\/s12877-015-0119-8.<\/p><p>Suomen Akatemian viestint\u00e4<br \/>tiedottaja Anna-Riikka Oravakangas<br \/>p. 029 5335 056<br \/>anna-riikka.oravakangas(at)aka.fi<\/p>        <\/div>                                                                                                                  ","_fi_post_name":"tutkimusjulkaisu-kuulovaikeudet-heikentavat-iakkaiden-elamanlaatua","_fi_post_excerpt":"","_fi_post_title":"Tutkimusjulkaisu: Kuulovaikeudet heikent\u00e4v\u00e4t i\u00e4kk\u00e4iden el\u00e4m\u00e4nlaatua","_en_post_content":"","_en_post_name":"","_en_post_excerpt":"","_en_post_title":"","edit_language":"en","footnotes":""},"categories":[130,1],"tags":[],"class_list":["post-197","post","type-post","status-publish","format-standard","hentry","category-tiedeuutiset","category-yleinen","entry","no-media"],"_links":{"self":[{"href":"https:\/\/www.gerec.fi\/en\/wp-json\/wp\/v2\/posts\/197","targetHints":{"allow":["GET"]}}],"collection":[{"href":"https:\/\/www.gerec.fi\/en\/wp-json\/wp\/v2\/posts"}],"about":[{"href":"https:\/\/www.gerec.fi\/en\/wp-json\/wp\/v2\/types\/post"}],"author":[{"embeddable":true,"href":"https:\/\/www.gerec.fi\/en\/wp-json\/wp\/v2\/users\/1"}],"replies":[{"embeddable":true,"href":"https:\/\/www.gerec.fi\/en\/wp-json\/wp\/v2\/comments?post=197"}],"version-history":[{"count":1,"href":"https:\/\/www.gerec.fi\/en\/wp-json\/wp\/v2\/posts\/197\/revisions"}],"predecessor-version":[{"id":5396,"href":"https:\/\/www.gerec.fi\/en\/wp-json\/wp\/v2\/posts\/197\/revisions\/5396"}],"wp:attachment":[{"href":"https:\/\/www.gerec.fi\/en\/wp-json\/wp\/v2\/media?parent=197"}],"wp:term":[{"taxonomy":"category","embeddable":true,"href":"https:\/\/www.gerec.fi\/en\/wp-json\/wp\/v2\/categories?post=197"},{"taxonomy":"post_tag","embeddable":true,"href":"https:\/\/www.gerec.fi\/en\/wp-json\/wp\/v2\/tags?post=197"}],"curies":[{"name":"wp","href":"https:\/\/api.w.org\/{rel}","templated":true}]}}