{"id":196,"date":"2018-12-11T20:13:44","date_gmt":"2018-12-11T20:13:44","guid":{"rendered":"https:\/\/gerec.fi\/2018\/12\/11\/gerecin-kesakoulu-jyvaskylassa-1\/"},"modified":"2019-02-21T17:41:50","modified_gmt":"2019-02-21T15:41:50","slug":"","status":"publish","type":"post","link":"https:\/\/www.gerec.fi\/en\/gerecin-kesakoulu-jyvaskylassa-1\/","title":{"rendered":"","raw":""},"content":{"rendered":"","protected":false,"raw":""},"excerpt":{"rendered":"Gerontologian kes\u00e4koulu ja sen yhteydess\u00e4 oleva GEREC:in ohjausryhm\u00e4n kokous j\u00e4rjestet\u00e4\u00e4n t\u00e4n\u00e4 vuonna Jyv\u00e4skyl\u00e4ss\u00e4. Kes\u00e4koulun ohjelmassa ensimm\u00e4isen\u00e4 p\u00e4iv\u00e4n\u00e4 on mm. uusien tutkimushankkeiden esittely\u00e4 Jyv\u00e4skyl\u00e4n ja Tampereen GERECist\u00e4. Aiheet kattavat monipuolisesti ik\u00e4\u00e4ntymistutkimuksen eri alueita. Ohjelmassa asiaa tiedeviestinn\u00e4st\u00e4 eri n\u00e4k\u00f6kulmista, vierailevana puhujana \"lihastohtori\",&hellip;","protected":false,"raw":""},"author":1,"featured_media":0,"comment_status":"open","ping_status":"open","sticky":false,"template":"","format":"standard","meta":{"_mi_skip_tracking":false,"_fi_post_content":"<div id=\"articleHeader\"><\/div>                                                                                                                                                                                                                     <div id=\"parent-fieldname-description\">                   Gerontologian kes\u00e4koulu ja sen yhteydess\u00e4 oleva GEREC:in ohjausryhm\u00e4n kokous j\u00e4rjestet\u00e4\u00e4n t\u00e4n\u00e4 vuonna Jyv\u00e4skyl\u00e4ss\u00e4.                <\/div>                                                                                                                       <div id=\"content-core\">                                                             <div id=\"parent-fieldname-text\">            <p>Kes\u00e4koulun ohjelmassa ensimm\u00e4isen\u00e4 p\u00e4iv\u00e4n\u00e4 on mm. uusien tutkimushankkeiden esittely\u00e4 Jyv\u00e4skyl\u00e4n ja Tampereen GERECist\u00e4. Aiheet kattavat monipuolisesti ik\u00e4\u00e4ntymistutkimuksen eri alueita. Ohjelmassa asiaa tiedeviestinn\u00e4st\u00e4 eri n\u00e4k\u00f6kulmista, vierailevana puhujana \"lihastohtori\", akatemiatutkija\u00a0Juha Hulmi.\u00a0Toisena p\u00e4iv\u00e4n\u00e4\u00a0ohjelmassa asiaa tutkijoiden liikkuvuudesta ja rahoitusmahdollisuuksista, alustajina mm. Elina Humala Jyv\u00e4skyl\u00e4n yliopiston tutkimus- ja innovaatiopalveluista sek\u00e4 professori Taina Rantanen Jyv\u00e4skyl\u00e4n yliopistosta. P\u00e4iv\u00e4n p\u00e4\u00e4tt\u00e4\u00e4 GERECin ohjausryhm\u00e4n kokous. Tilaisuuteen ilmoittautuminen on p\u00e4\u00e4ttynyt.<\/p>        <\/div>                                                                                                                  ","_fi_post_name":"gerecin-kesakoulu-jyvaskylassa-1","_fi_post_excerpt":"","_fi_post_title":"GERECin kes\u00e4koulu Jyv\u00e4skyl\u00e4ss\u00e4 1.-2.9.2016","_en_post_content":"","_en_post_name":"","_en_post_excerpt":"","_en_post_title":"","edit_language":"en","footnotes":""},"categories":[130,1],"tags":[],"class_list":["post-196","post","type-post","status-publish","format-standard","hentry","category-tiedeuutiset","category-yleinen","entry","no-media"],"_links":{"self":[{"href":"https:\/\/www.gerec.fi\/en\/wp-json\/wp\/v2\/posts\/196","targetHints":{"allow":["GET"]}}],"collection":[{"href":"https:\/\/www.gerec.fi\/en\/wp-json\/wp\/v2\/posts"}],"about":[{"href":"https:\/\/www.gerec.fi\/en\/wp-json\/wp\/v2\/types\/post"}],"author":[{"embeddable":true,"href":"https:\/\/www.gerec.fi\/en\/wp-json\/wp\/v2\/users\/1"}],"replies":[{"embeddable":true,"href":"https:\/\/www.gerec.fi\/en\/wp-json\/wp\/v2\/comments?post=196"}],"version-history":[{"count":1,"href":"https:\/\/www.gerec.fi\/en\/wp-json\/wp\/v2\/posts\/196\/revisions"}],"predecessor-version":[{"id":5395,"href":"https:\/\/www.gerec.fi\/en\/wp-json\/wp\/v2\/posts\/196\/revisions\/5395"}],"wp:attachment":[{"href":"https:\/\/www.gerec.fi\/en\/wp-json\/wp\/v2\/media?parent=196"}],"wp:term":[{"taxonomy":"category","embeddable":true,"href":"https:\/\/www.gerec.fi\/en\/wp-json\/wp\/v2\/categories?post=196"},{"taxonomy":"post_tag","embeddable":true,"href":"https:\/\/www.gerec.fi\/en\/wp-json\/wp\/v2\/tags?post=196"}],"curies":[{"name":"wp","href":"https:\/\/api.w.org\/{rel}","templated":true}]}}