{"id":192,"date":"2018-12-11T20:13:44","date_gmt":"2018-12-11T20:13:44","guid":{"rendered":"https:\/\/gerec.fi\/2018\/12\/11\/tutkimusjulkaisu-elakeuudistuksen-sisalto-tunnetaan-huonosti\/"},"modified":"2019-02-21T16:39:49","modified_gmt":"2019-02-21T14:39:49","slug":"","status":"publish","type":"post","link":"https:\/\/www.gerec.fi\/en\/tutkimusjulkaisu-elakeuudistuksen-sisalto-tunnetaan-huonosti\/","title":{"rendered":"","raw":""},"content":{"rendered":"","protected":false,"raw":""},"excerpt":{"rendered":"Ty\u00f6paikalla tapahtuvaa tiedottamista lis\u00e4tt\u00e4v\u00e4 reilusti, todetaan Jyv\u00e4skyl\u00e4n yliopiston Gerontologian tutkimuskeskuksen tutkimuksessa - El\u00e4keuudistus astuu voimaan vuoden 2017 alusta. Uudistuksen tavoitteena on pident\u00e4\u00e4 ik\u00e4\u00e4ntyneiden ty\u00f6ntekij\u00f6iden ty\u00f6uria. El\u00e4kej\u00e4rjestelm\u00e4\u00e4 olennaisesti muuttavan uudistuksen my\u00f6t\u00e4 el\u00e4keik\u00e4 nousee vuosittain kolmella kuukaudella, kunnes se on 65 vuotta.&hellip;","protected":false,"raw":""},"author":1,"featured_media":0,"comment_status":"open","ping_status":"open","sticky":false,"template":"","format":"standard","meta":{"_mi_skip_tracking":false,"_fi_post_content":"<div id=\"articleHeader\"><\/div>                                                                                                                                                                                                                     <div id=\"parent-fieldname-description\">                   Ty\u00f6paikalla tapahtuvaa tiedottamista lis\u00e4tt\u00e4v\u00e4 reilusti, todetaan Jyv\u00e4skyl\u00e4n yliopiston Gerontologian tutkimuskeskuksen tutkimuksessa - El\u00e4keuudistus astuu voimaan vuoden 2017 alusta. Uudistuksen tavoitteena on pident\u00e4\u00e4 ik\u00e4\u00e4ntyneiden ty\u00f6ntekij\u00f6iden ty\u00f6uria. El\u00e4kej\u00e4rjestelm\u00e4\u00e4 olennaisesti muuttavan uudistuksen my\u00f6t\u00e4 el\u00e4keik\u00e4 nousee vuosittain kolmella kuukaudella, kunnes se on 65 vuotta.                <\/div>                                                                                                                       <div id=\"content-core\">                                                             <div id=\"parent-fieldname-text\">            <p>Muutoksia tulee my\u00f6s el\u00e4kelajeihin, sill\u00e4 osa-aikael\u00e4ke poistuu ja tilalle tulee osittainen vanhuusel\u00e4ke ja ty\u00f6urael\u00e4ke.<\/p><p>- Muutokset ovat huomattavia ja siksi on t\u00e4rke\u00e4\u00e4 tiet\u00e4\u00e4, kuinka ne heijastuvat ik\u00e4\u00e4ntyneiden ty\u00f6ntekij\u00f6iden el\u00e4keprosessin suunnitteluun, dosentti <b>Monika von Bonsdorff<\/b> Jyv\u00e4skyl\u00e4n yliopistosta toteaa. Ty\u00f6el\u00e4m\u00e4n tutkimus -lehdess\u00e4 julkaistussa katsauksessa valotetaan henkil\u00f6st\u00f6n tiet\u00e4myst\u00e4 muutoksen sis\u00e4ll\u00f6st\u00e4 ja muutoksen arvioiduista vaikutuksista omaan el\u00e4keprosessiin.<\/p><p><b>El\u00e4kemuutokset tunnetaan huonosti ja ne koetaan kielteisiksi<\/b><\/p><p>Tutkimuksessa havaittiin ett\u00e4 suomalaisen suurehkon terveydenhuollon organisaation hoitohenkil\u00f6st\u00f6 oli huonosti perill\u00e4 uudistuksen yksityiskohdista. Vain joka viides kyselytutkimukseen vastanneista tunsi ty\u00f6urael\u00e4kkeen, noin kolmannes puolestaan elinaikakertoimen vaikutuksen tai osittaisen varhennetun vanhuusel\u00e4kkeen. Parhaiten oltiin selvill\u00e4 vanhuusel\u00e4kei\u00e4n nostosta.<\/p><p>Vastaajat suhtautuivat uudistuksista negatiivisimmin el\u00e4kei\u00e4n nostoon ja osa-aikael\u00e4kkeen poistumiseen. Omaan el\u00e4keprosessiinsa vastaajat arvioivat kielteisimmin vaikuttavan el\u00e4kei\u00e4n noston sek\u00e4 muutokset el\u00e4kkeen karttumisessa. My\u00f6nteisimmin el\u00e4keprosessin suhteen koettiin lykk\u00e4yskorotus. Tietoa el\u00e4keuudistuksesta oli saatu eniten uutisista ja ajankohtaisohjelmista sek\u00e4 sanoma- ja aikakauslehdist\u00e4.<\/p><p>Tutkimuksen tulosten perusteella viestint\u00e4\u00e4 el\u00e4keuudistuksen mukanaan tuomista muutoksista tulisi\u00a0<span>lis\u00e4t\u00e4 huomattavasti. My\u00f6s el\u00e4kekassojen ja ammattij\u00e4rjest\u00f6jen rooli uudistuksesta viestinn\u00e4ss\u00e4 j\u00e4i vaisuksi. Tietoa uudistuksesta oli ensisijassa saatu mediasta - uutisista ja ajankohtaisohjelmista sek\u00e4 sanoma- ja aikakauslehdist\u00e4. Huolimatta siit\u00e4, ett\u00e4 tietoa oli saatu runsaasti n\u00e4ist\u00e4 kanavista, ei se lis\u00e4nnyt vastaajien tietotasoa el\u00e4keuudistuksen suhteen. Toisin sanoen, yleinen tieto el\u00e4keuudistuksesta ei ehk\u00e4 ole sovellettavissa omaan el\u00e4keprosessiin. Vaikuttaa silt\u00e4, ett\u00e4 etenkin\u00a0<\/span><span>ty\u00f6paikalla tai oman el\u00e4kekassan kautta tapahtuvaa, konkreettista viestint\u00e4\u00e4 el\u00e4keuudistuksen\u00a0<\/span><span>vaikutuksesta ik\u00e4\u00e4ntyvien el\u00e4keprosessiin voitaisiin lis\u00e4t\u00e4 huomattavasti.<\/span><\/p><p>Tutkimus on osa Ty\u00f6suojelurahaston rahoittamaa Jatkis- hanketta (115192). Tutkimusaineisto (n=396) ker\u00e4ttiin suomalaisesta terveydenhuollon organisaatiosta helmi-toukokuussa 2016.<\/p><p>Lis\u00e4tietoja:<\/p><p>Akatemiatutkija, dosentti Monika von Bonsdorff, Gerontologian tutkimuskeskus, Jyv\u00e4skyl\u00e4n yliopisto, p. 040\u00a0541 2524, <a href=\"mailto:\/\/monika.bonsdorff@jyu.fi\"  target=\"_blank\">monika.bonsdorff@jyu.fi<\/a>.<\/p><p>Julkaisu:<\/p><p>von Bonsdorff, M. E., Wallin, M., & von Bonsdorff M. B. 2016. El\u00e4keuudistuksen sis\u00e4lt\u00f6 tunnetaan huonosti \u2013 havaintoja terveydenhuollon tutkimuksesta. Ty\u00f6el\u00e4m\u00e4n tutkimus, 2 (14), 210-215.<br \/><a href=\"http:\/\/www.tyoelamantutkimus.fi\/tyoelaman-tutkimus-arbetslivsforskning-lehtitidskrift\/ajankohtaista\/\"  target=\"_blank\">http:\/\/www.tyoelamantutkimus.fi\/tyoelaman-tutkimus-arbetslivsforskning-lehtitidskrift\/ajankohtaista\/<\/a><\/p>        <\/div>                                                                                                                  ","_fi_post_name":"tutkimusjulkaisu-elakeuudistuksen-sisalto-tunnetaan-huonosti","_fi_post_excerpt":"","_fi_post_title":"Tutkimusjulkaisu: El\u00e4keuudistuksen sis\u00e4lt\u00f6 tunnetaan huonosti","_en_post_content":"","_en_post_name":"","_en_post_excerpt":"","_en_post_title":"","edit_language":"en","footnotes":""},"categories":[130,1],"tags":[],"class_list":["post-192","post","type-post","status-publish","format-standard","hentry","category-tiedeuutiset","category-yleinen","entry","no-media"],"_links":{"self":[{"href":"https:\/\/www.gerec.fi\/en\/wp-json\/wp\/v2\/posts\/192","targetHints":{"allow":["GET"]}}],"collection":[{"href":"https:\/\/www.gerec.fi\/en\/wp-json\/wp\/v2\/posts"}],"about":[{"href":"https:\/\/www.gerec.fi\/en\/wp-json\/wp\/v2\/types\/post"}],"author":[{"embeddable":true,"href":"https:\/\/www.gerec.fi\/en\/wp-json\/wp\/v2\/users\/1"}],"replies":[{"embeddable":true,"href":"https:\/\/www.gerec.fi\/en\/wp-json\/wp\/v2\/comments?post=192"}],"version-history":[{"count":1,"href":"https:\/\/www.gerec.fi\/en\/wp-json\/wp\/v2\/posts\/192\/revisions"}],"predecessor-version":[{"id":5391,"href":"https:\/\/www.gerec.fi\/en\/wp-json\/wp\/v2\/posts\/192\/revisions\/5391"}],"wp:attachment":[{"href":"https:\/\/www.gerec.fi\/en\/wp-json\/wp\/v2\/media?parent=192"}],"wp:term":[{"taxonomy":"category","embeddable":true,"href":"https:\/\/www.gerec.fi\/en\/wp-json\/wp\/v2\/categories?post=192"},{"taxonomy":"post_tag","embeddable":true,"href":"https:\/\/www.gerec.fi\/en\/wp-json\/wp\/v2\/tags?post=192"}],"curies":[{"name":"wp","href":"https:\/\/api.w.org\/{rel}","templated":true}]}}