{"id":190,"date":"2018-12-11T20:13:44","date_gmt":"2018-12-11T20:13:44","guid":{"rendered":"https:\/\/gerec.fi\/2018\/12\/11\/toimijuus-ei-katoa-toimintakyvyn-heikentyessa\/"},"modified":"2019-02-21T17:41:52","modified_gmt":"2019-02-21T15:41:52","slug":"","status":"publish","type":"post","link":"https:\/\/www.gerec.fi\/en\/toimijuus-ei-katoa-toimintakyvyn-heikentyessa\/","title":{"rendered":"","raw":""},"content":{"rendered":"","protected":false,"raw":""},"excerpt":{"rendered":"Vanhojen ihmisten toimijuus ei katoa, vaikka heid\u00e4n toimintakykyns\u00e4 heikkenee ja he siirtyv\u00e4t ymp\u00e4rivuorokautiseen hoitoon, osoittaa Tampereen yliopiston terveystieteiden yksik\u00f6ss\u00e4 ja Gerontologian tutkimuskeskuksessa tehty tutkimus. \u201dToimijuudella on perinteisesti tarkoitettu ihmisen mahdollisuutta el\u00e4\u00e4 omassa elinymp\u00e4rist\u00f6ss\u00e4\u00e4n omien arvojensa ja tavoitteidensa mukaisesti. Siksi meid\u00e4n&hellip;","protected":false,"raw":""},"author":1,"featured_media":0,"comment_status":"open","ping_status":"open","sticky":false,"template":"","format":"standard","meta":{"_mi_skip_tracking":false,"_fi_post_content":"<div id=\"articleHeader\"><\/div>                                                                                                                                                                                                                     <div id=\"parent-fieldname-description\">                   Vanhojen ihmisten toimijuus ei katoa, vaikka heid\u00e4n toimintakykyns\u00e4 heikkenee ja he siirtyv\u00e4t ymp\u00e4rivuorokautiseen hoitoon, osoittaa Tampereen yliopiston terveystieteiden yksik\u00f6ss\u00e4 ja Gerontologian tutkimuskeskuksessa tehty tutkimus.                <\/div>                                                                                                                       <div id=\"content-core\">                                                             <div id=\"parent-fieldname-text\">            <p>\u201dToimijuudella on perinteisesti tarkoitettu ihmisen mahdollisuutta el\u00e4\u00e4 omassa elinymp\u00e4rist\u00f6ss\u00e4\u00e4n omien arvojensa ja tavoitteidensa mukaisesti. Siksi meid\u00e4n kulttuurissamme el\u00e4\u00e4 vahvana k\u00e4sitys, ett\u00e4 avuntarpeen lis\u00e4\u00e4ntyminen ja ymp\u00e4rivuorokautiseen hoitoon p\u00e4\u00e4tyminen tarkoittaa k\u00e4yt\u00e4nn\u00f6ss\u00e4 toimijuuden loppua vanhuudessa\u201d, sanoo v\u00e4it\u00f6skirjatutkija Jari Pirhonen.<\/p><p>Tutkimusaineisto ker\u00e4ttiin havainnoimalla ja haastattelemalla asukkaita etel\u00e4suomalaisessa tehostetun palveluasumisen palvelutalossa vuosina 2013\u20132014.<\/p><p>Asukkaiden toimijuuteen vaikuttavat tutkimuksen mukaan monet omaan toimintakykyyn, motivaatioon ja ymp\u00e4rist\u00f6\u00f6n eli t\u00e4ss\u00e4 tapauksessa palvelutaloon fyysisen\u00e4, sosiaalisena ja toiminnallisena kokonaisuutena liittyv\u00e4t seikat.<\/p><p>\u201dToimintakyvyn heikkeneminen ei v\u00e4ltt\u00e4m\u00e4tt\u00e4 johda toimijuuden heikkenemiseen, sill\u00e4 ihmiset sopeuttavat tekemisi\u00e4\u00e4n. Joku oli vaihtanut kutomisen kryptojen tekemiseen ranteiden kipeydytty\u00e4, joku istuskeli ulkona penkill\u00e4 k\u00e4velyn sijaan hengenahdistuksen vuoksi\u201d, Pirhonen kertoo.<\/p><p>Asukkaat tukivat omaa toimijuuttaan my\u00f6s apuv\u00e4lineill\u00e4 ja delegoivat toimijuutta luotetuille ihmisille, toisin sanoen sallivat toisten tehd\u00e4 asioita heid\u00e4n puolestaan.<\/p><p>Muistisairaus muutti vanhojen ihmisten toiminnan motivaatiota.<\/p><p>\u201dKun toimijan rationaliteetti katoaa muistisairauden vuoksi, toimintaa alkaa selke\u00e4mmin motivoida toimijan tilanne p\u00e4\u00e4m\u00e4\u00e4rien sijaan. Syv\u00e4sti muistisairaan ihmisen tekeminen saattaa olla esimerkiksi p\u00f6yt\u00e4liinan tai jonkin muun k\u00e4sill\u00e4 olevan asian n\u00e4pl\u00e4\u00e4mist\u00e4. Se saattaa meille n\u00e4ytt\u00e4yty\u00e4 j\u00e4rjett\u00f6m\u00e4n\u00e4, mutta asian voi n\u00e4hd\u00e4 niinkin, ett\u00e4 ihminen siin\u00e4 toteuttaa itse\u00e4\u00e4n niill\u00e4 resursseilla mit\u00e4 h\u00e4nell\u00e4 on siin\u00e4 tilanteessa jossa h\u00e4n on\u201d.<\/p><p>Tutkimus osoittaa, ett\u00e4 toimijuus ei katoa toimintakyvyn heikentyess\u00e4 vanhuudessa, vaan muuttuu vaikeammin havaittavaksi ja hienovaraisemmaksi. Ymp\u00e4rist\u00f6n tarjoamat mahdollisuudet vaikuttavat siihen, kuinka vanha ihminen voi toteuttaa toimijuuttaan.<\/p><p>\u201dEr\u00e4s liikuntakykyns\u00e4 menett\u00e4nyt asukas koki olevansa aktiivinen toimija istuessaan vuoteessaan makaamisen sijaan, ja moottoroitu s\u00e4nky mahdollisti s\u00e4ngyn muuntamisen selk\u00e4nojalliseksi istuimeksi. H\u00e4nen toimijuutensa syntyi tilassa, jossa yhdistyiv\u00e4t h\u00e4nen menetetty fyysinen toimintakykyns\u00e4, sen her\u00e4tt\u00e4m\u00e4 ajatus istumisesta aktiivisena tekemisen\u00e4 ja palvelutalon tarjoama s\u00e4hk\u00f6k\u00e4ytt\u00f6inen vuode. T\u00e4llainen toimijuus ei helposti n\u00e4y, mutta sen huomioimisella hoivaymp\u00e4rist\u00f6iss\u00e4 voitaisiin saada aikaan paljon inhimillist\u00e4 hyv\u00e4\u00e4\u201d, Pirhonen tiivist\u00e4\u00e4.<\/p><p><i>Tutkimusartikkeli:<br \/> Pirhonen, J. and Pietil\u00e4, I. (2016). <\/i><i>Active and non-active agents: residents\u2019 agency in assisted living. Ageing and Society. Published online: 30 August 2016. doi: \u00a0www.dx.doi.org\/10.1017\/S0144686X1600074X. <\/i><\/p><p><b>Linkki julkaisuun:<\/b><\/p><p><a href=\"https:\/\/www.cambridge.org\/core\/journals\/ageing-and-society\/article\/active-and-non-active-agents-residents-agency-in-assisted-living\/FA7AB14A0E0F9922051538AA701C7EE3\"  target=\"_blank\"><span style=\"text-decoration: underline;\">https:\/\/www.cambridge.org\/core\/journals\/ageing-and-society\/article\/active-and-non-active-agents-residents-agency-in-assisted-living\/FA7AB14A0E0F9922051538AA701C7EE3<\/span><\/a><\/p><p><b>Lis\u00e4tietoja:<\/b><br \/> V\u00e4it\u00f6skirjatutkija Jari Pirhonen, 050 318 7336, jari.pirhonen@uta.fi<\/p><\/div>                                                                                                                  ","_fi_post_name":"toimijuus-ei-katoa-toimintakyvyn-heikentyessa","_fi_post_excerpt":"","_fi_post_title":"Toimijuus ei katoa toimintakyvyn heikentyess\u00e4","_en_post_content":"","_en_post_name":"","_en_post_excerpt":"","_en_post_title":"","edit_language":"en","footnotes":""},"categories":[130,1],"tags":[],"class_list":["post-190","post","type-post","status-publish","format-standard","hentry","category-tiedeuutiset","category-yleinen","entry","no-media"],"_links":{"self":[{"href":"https:\/\/www.gerec.fi\/en\/wp-json\/wp\/v2\/posts\/190","targetHints":{"allow":["GET"]}}],"collection":[{"href":"https:\/\/www.gerec.fi\/en\/wp-json\/wp\/v2\/posts"}],"about":[{"href":"https:\/\/www.gerec.fi\/en\/wp-json\/wp\/v2\/types\/post"}],"author":[{"embeddable":true,"href":"https:\/\/www.gerec.fi\/en\/wp-json\/wp\/v2\/users\/1"}],"replies":[{"embeddable":true,"href":"https:\/\/www.gerec.fi\/en\/wp-json\/wp\/v2\/comments?post=190"}],"version-history":[{"count":1,"href":"https:\/\/www.gerec.fi\/en\/wp-json\/wp\/v2\/posts\/190\/revisions"}],"predecessor-version":[{"id":5389,"href":"https:\/\/www.gerec.fi\/en\/wp-json\/wp\/v2\/posts\/190\/revisions\/5389"}],"wp:attachment":[{"href":"https:\/\/www.gerec.fi\/en\/wp-json\/wp\/v2\/media?parent=190"}],"wp:term":[{"taxonomy":"category","embeddable":true,"href":"https:\/\/www.gerec.fi\/en\/wp-json\/wp\/v2\/categories?post=190"},{"taxonomy":"post_tag","embeddable":true,"href":"https:\/\/www.gerec.fi\/en\/wp-json\/wp\/v2\/tags?post=190"}],"curies":[{"name":"wp","href":"https:\/\/api.w.org\/{rel}","templated":true}]}}