{"id":184,"date":"2018-12-11T20:13:44","date_gmt":"2018-12-11T20:13:44","guid":{"rendered":"https:\/\/gerec.fi\/2018\/12\/11\/vanhustenhoidossa-pitaa-uskaltaa-ottaa-myos-vastuuta-valinnanvapauden-korostamisen-sijaan\/"},"modified":"2018-12-15T00:03:43","modified_gmt":"2018-12-14T22:03:43","slug":"","status":"publish","type":"post","link":"https:\/\/www.gerec.fi\/en\/vanhustenhoidossa-pitaa-uskaltaa-ottaa-myos-vastuuta-valinnanvapauden-korostamisen-sijaan\/","title":{"rendered":"","raw":""},"content":{"rendered":"","protected":false,"raw":""},"excerpt":{"rendered":"Ensimm\u00e4iset luonnokset sosiaali- ja terveyspalvelujen uudistamiseen liittyv\u00e4st\u00e4 valinnanvapausmallista on julkistettu. Tampereen yliopiston terveystieteiden yksik\u00f6n ja Gerontologian tutkimuskeskuksen tutkijat Jari Pirhonen ja Jutta Pulkki varoittavat valinnanvapauden ylily\u00f6nneist\u00e4. - Vapaus ja valinnanvapaus ovat erinomaisia poliittisia ja yhteiskunnallisia arvoja, ja sosiaali- ja terveyspalveluissakin&hellip;","protected":false,"raw":""},"author":1,"featured_media":0,"comment_status":"open","ping_status":"open","sticky":false,"template":"","format":"standard","meta":{"_mi_skip_tracking":false,"_fi_post_content":"<div id=\"articleHeader\"><\/div>                                                                                                                                                                                                                     <div id=\"parent-fieldname-description\">                   Ensimm\u00e4iset luonnokset sosiaali- ja terveyspalvelujen uudistamiseen liittyv\u00e4st\u00e4 valinnanvapausmallista on julkistettu. Tampereen yliopiston terveystieteiden yksik\u00f6n ja Gerontologian tutkimuskeskuksen tutkijat Jari Pirhonen ja Jutta Pulkki varoittavat valinnanvapauden ylily\u00f6nneist\u00e4.                 <\/div>                                                                                                                       <div id=\"content-core\">                                                             <div id=\"parent-fieldname-text\">            <p>- Vapaus ja valinnanvapaus ovat erinomaisia poliittisia ja yhteiskunnallisia arvoja, ja sosiaali- ja terveyspalveluissakin niill\u00e4 on sijansa, mutta vapauteen liittyv\u00e4 vastuu ja palvelujen k\u00e4ytt\u00e4jien haavoittuva tilanne ovat toisinaan kest\u00e4m\u00e4t\u00f6n yht\u00e4l\u00f6, Pirhonen sanoo.<\/p><p>Ruotsissa valinnanvapauden lis\u00e4\u00e4misess\u00e4 vanhuspalveluissa pyrittiin samoihin p\u00e4\u00e4m\u00e4\u00e4riin kuin meill\u00e4kin, eli palvelujen saatavuuden parantamiseen. K\u00e4yt\u00e4nt\u00f6 on kuitenkin osoittanut, ett\u00e4 palveluja k\u00e4ytt\u00e4v\u00e4t entist\u00e4 enemm\u00e4n ne, joilla siihen on varaa. My\u00f6s palvelujen keskittymisest\u00e4 varakkaammille alueille on n\u00e4ytt\u00f6\u00e4.<\/p><p>- Alueelliset ja sosioekonomiset erot eri palveluissa ovat meill\u00e4 selvi\u00e4, ja n\u00e4it\u00e4 eroja sote-uudistuksella l\u00e4hdettiin alun perin kaventamaan. Nyt on kuitenkin vaarana, ett\u00e4 erot vain lis\u00e4\u00e4ntyv\u00e4t, Pulkki toteaa.<\/p><p>Erilaiset mahdollisuudet tehd\u00e4 valintoja lis\u00e4\u00e4v\u00e4t v\u00e4est\u00f6ryhmien v\u00e4lisi\u00e4 eroja. Valinnanvapauteen liitet\u00e4\u00e4n itsem\u00e4\u00e4r\u00e4\u00e4misoikeus ja oletus, ett\u00e4 ihmiset kykenev\u00e4t ja haluavat tehd\u00e4 itse\u00e4\u00e4n koskevia p\u00e4\u00e4t\u00f6ksi\u00e4. Vanhojen ihmisten kohdalla t\u00e4m\u00e4 voi pahimmillaan johtaa heitteillej\u00e4t\u00f6n kaltaisiin tilanteisiin. Pirhonen antaa esimerkin palvelutalon ruokatilanteesta, johon h\u00e4n osallistui tehdess\u00e4\u00e4n osallistuvaa havainnointitutkimusta:<\/p><p>\u201dEr\u00e4\u00e4n huonokuntoisen asukkaan sy\u00f6tt\u00e4miseen minulta meni usein 45 minuuttia, vaikka olen koulutettu hoitaja. Henkil\u00f6kunnalla ei ollut aikaa k\u00e4ytt\u00e4\u00e4 kolmea varttia yhden ihmisen sy\u00f6tt\u00e4miseen. Hoitaja saattoikin sy\u00f6tt\u00e4\u00e4 hetken ja todeta, ett\u00e4 t\u00e4m\u00e4 ihminen ei en\u00e4\u00e4 jaksa tai halua sy\u00f6d\u00e4 ja vei ruoan pois. Vastuu ravitsemuksesta siirrettiin ep\u00e4kompetentteihin k\u00e4siin itsem\u00e4\u00e4r\u00e4\u00e4miseen vetoamalla. Itsem\u00e4\u00e4r\u00e4\u00e4mist\u00e4 k\u00e4ytettiin suoranaisen heitteillej\u00e4t\u00f6n perusteluna\u201d.<\/p><p>Tilanne on \u00e4\u00e4riesimerkki, mutta Pirhosen mukaan muistuttaa osuvasti siit\u00e4, ett\u00e4 palveluj\u00e4rjestelm\u00e4n ensisijainen teht\u00e4v\u00e4 ei ole valinnanvapauden tukeminen, vaan heikossa asemassa olevista ihmisist\u00e4 huolehtiminen. Joskus pit\u00e4\u00e4 uskaltaa ottaa toisesta vastuu valinnanvapauden korostamisen sijaan.<\/p><p>Tutkijoiden perussanoma on se, ett\u00e4 vapauteen kuuluu aina vastuu. Tutkijat her\u00e4ttelev\u00e4t kysym\u00e4\u00e4n, ett\u00e4 jos ihminen ei syyst\u00e4 tai toisesta pysty en\u00e4\u00e4 kantamaan vastuuta, miss\u00e4 m\u00e4\u00e4rin h\u00e4nelle kannattaa tarjota valinnanvapautta sosiaali- ja terveyspalveluissa.<\/p><p>- Me olemme toisistamme t\u00e4ydellisen riippuvaisia syntym\u00e4st\u00e4 kuolemaan. Aikuisuuden itseriittoisina vuosina t\u00e4m\u00e4 fakta meilt\u00e4 helposti unohtuu, mutta viimeist\u00e4\u00e4n vanhuus pudottaa suomut silmilt\u00e4. Eiv\u00e4tk\u00e4 vanhat ihmiset ole suinkaan ainoa v\u00e4est\u00f6ryhm\u00e4, joka tarvitsee toisten apua, tutkijat muistuttavat.<\/p><p>Pirhonen ja Pulkki p\u00e4\u00e4tyv\u00e4t tuoreessa tutkimuksessaan esitt\u00e4m\u00e4\u00e4n sosiaali- ja terveydenhuollolle arvopohjaksi inhimillisen avuntarpeen ja riippuvuuden tunnustamista.\u00a0 Tutkijat yhdistelev\u00e4t tutkimuksessaan aiempaa tutkimusta, filosofiaa, poliittista debattia, ja julkista keskustelua vanhojen ihmisten valinnanvapaudesta.<\/p><p><i>Alkuper\u00e4isartikkeli<br \/>Pirhonen, J. ja Pulkki, J. Sosiaali- ja terveydenhuollon perusarvojen j\u00e4ljill\u00e4 \u2013 avuntarpeen ja riippuvuuden tunnustaminen vanhuspalveluissa. Janus. Sosiaalipolitiikan ja sosiaality\u00f6n tutkimuksen aikakauslehti, 24(3), 251\u2013264.<\/i><\/p><p>Lis\u00e4tietoja:<br \/>Jari Pirhonen, 050\u00a0318 7336, <a href=\"mailto:\/\/jari.pirhonen@uta.fi\"  target=\"_blank\">jari.pirhonen@uta.fi<\/a><br \/>Jutta Pulkki, 050\u00a0318 6742, <a href=\"mailto:\/\/jutta.pulkki@uta.fi\"  target=\"_blank\">jutta.pulkki@uta.fi<\/a><\/p><p>TAMPEREEN YLIOPISTON TIEDOTE 12.10.2016<\/p>        <\/div>                                                                                                                  ","_fi_post_name":"vanhustenhoidossa-pitaa-uskaltaa-ottaa-myos-vastuuta-valinnanvapauden-korostamisen-sijaan","_fi_post_excerpt":"","_fi_post_title":"Vanhustenhoidossa pit\u00e4\u00e4 uskaltaa ottaa my\u00f6s vastuuta valinnanvapauden korostamisen sijaan","_en_post_content":"","_en_post_name":"","_en_post_excerpt":"","_en_post_title":"","edit_language":"en","footnotes":""},"categories":[1],"tags":[],"class_list":["post-184","post","type-post","status-publish","format-standard","hentry","category-yleinen","entry","no-media"],"_links":{"self":[{"href":"https:\/\/www.gerec.fi\/en\/wp-json\/wp\/v2\/posts\/184","targetHints":{"allow":["GET"]}}],"collection":[{"href":"https:\/\/www.gerec.fi\/en\/wp-json\/wp\/v2\/posts"}],"about":[{"href":"https:\/\/www.gerec.fi\/en\/wp-json\/wp\/v2\/types\/post"}],"author":[{"embeddable":true,"href":"https:\/\/www.gerec.fi\/en\/wp-json\/wp\/v2\/users\/1"}],"replies":[{"embeddable":true,"href":"https:\/\/www.gerec.fi\/en\/wp-json\/wp\/v2\/comments?post=184"}],"version-history":[{"count":1,"href":"https:\/\/www.gerec.fi\/en\/wp-json\/wp\/v2\/posts\/184\/revisions"}],"predecessor-version":[{"id":5383,"href":"https:\/\/www.gerec.fi\/en\/wp-json\/wp\/v2\/posts\/184\/revisions\/5383"}],"wp:attachment":[{"href":"https:\/\/www.gerec.fi\/en\/wp-json\/wp\/v2\/media?parent=184"}],"wp:term":[{"taxonomy":"category","embeddable":true,"href":"https:\/\/www.gerec.fi\/en\/wp-json\/wp\/v2\/categories?post=184"},{"taxonomy":"post_tag","embeddable":true,"href":"https:\/\/www.gerec.fi\/en\/wp-json\/wp\/v2\/tags?post=184"}],"curies":[{"name":"wp","href":"https:\/\/api.w.org\/{rel}","templated":true}]}}