{"id":182,"date":"2018-12-11T20:13:44","date_gmt":"2018-12-11T20:13:44","guid":{"rendered":"https:\/\/gerec.fi\/2018\/12\/11\/dementialaakeostojen-kustannukset-ja-kela-korvaukset-kasvoivat-vuosina-2000-2013\/"},"modified":"2019-02-21T17:41:50","modified_gmt":"2019-02-21T15:41:50","slug":"","status":"publish","type":"post","link":"https:\/\/www.gerec.fi\/en\/dementialaakeostojen-kustannukset-ja-kela-korvaukset-kasvoivat-vuosina-2000-2013\/","title":{"rendered":"","raw":""},"content":{"rendered":"","protected":false,"raw":""},"excerpt":{"rendered":"Tehostetun palveluasumisen yleistyminen on siirt\u00e4nyt demential\u00e4\u00e4keostojen kustannuksia i\u00e4kk\u00e4iden ihmisten itsens\u00e4 maksettaviksi ja kasvattanut Kelan maksamien korvausten m\u00e4\u00e4r\u00e4\u00e4. Muutos on koskettanut etenkin kaikkein vanhimpia, viimeisi\u00e4 elinvuosiaan el\u00e4vi\u00e4 ihmisi\u00e4. Tampereen yliopiston tutkimuksessa selvitettiin, kuinka yli 70-vuotiaiden demential\u00e4\u00e4keostojen (AKE-est\u00e4j\u00e4t ja memantiini) kustannukset ja&hellip;","protected":false,"raw":""},"author":1,"featured_media":0,"comment_status":"open","ping_status":"open","sticky":false,"template":"","format":"standard","meta":{"_mi_skip_tracking":false,"_fi_post_content":"<div id=\"articleHeader\"><\/div>                                                                                                                                                                                                                     <div id=\"parent-fieldname-description\">                   Tehostetun palveluasumisen yleistyminen on siirt\u00e4nyt demential\u00e4\u00e4keostojen kustannuksia i\u00e4kk\u00e4iden ihmisten itsens\u00e4 maksettaviksi ja kasvattanut Kelan maksamien korvausten m\u00e4\u00e4r\u00e4\u00e4.  Muutos on koskettanut etenkin kaikkein vanhimpia, viimeisi\u00e4 elinvuosiaan el\u00e4vi\u00e4 ihmisi\u00e4.                <\/div>                                                                                                                       <div id=\"content-core\">                                                             <div id=\"parent-fieldname-text\">            <p>Tampereen yliopiston tutkimuksessa selvitettiin, kuinka yli 70-vuotiaiden demential\u00e4\u00e4keostojen (AKE-est\u00e4j\u00e4t ja memantiini) kustannukset ja Kela-korvaukset ovat muuttuneet 2000-luvulla, jolloin avohoidoksi luokiteltu tehostettu palveluasuminen on yh\u00e4 enenev\u00e4ss\u00e4 m\u00e4\u00e4rin korvannut pitk\u00e4aikaishoitoa laitoksissa.<\/p><p>Aiemmin i\u00e4kk\u00e4\u00e4t ihmiset asuivat nykyist\u00e4 useammin laitoshoidossa eli vanhainkodeissa tai terveyskeskuksen pitk\u00e4aikaishoito-osastolla, joissa l\u00e4\u00e4kkeiden kustannukset sis\u00e4ltyv\u00e4t laitoshoidon kuukausimaksuun.<\/p><p>Tutkimusjoukko sis\u00e4lsi kaikki vuosina 2002\u22122013 v\u00e4hint\u00e4\u00e4n 70-vuotiaana kuolleet suomalaiset (427 078 henkil\u00f6\u00e4) sek\u00e4 otoksen niist\u00e4 yli 70-vuotiaista, jotka eliv\u00e4t tutkimusvuoden j\u00e4lkeen ainakin kaksi vuotta (342 372 henkil\u00f6\u00e4). Tehostetun palveluasumisen yhteytt\u00e4 kustannuksiin ja korvauksiin tutkittiin aikasarja-analyysin avulla.<\/p><p>Tehostetussa palveluasumisessa asuminen yleistyi tutkimusvuosina etenkin kahta viimeist\u00e4 elinvuottaan el\u00e4neill\u00e4: tehostetussa palveluasumisessa asuttujen p\u00e4ivien keskiarvo kasvoi l\u00e4hes nelinkertaiseksi. Samanaikaisesti demential\u00e4\u00e4keostoja tehneiden osuus kymmenkertaistui, ja l\u00e4\u00e4keostojen kustannukset ja Kelan maksamien korvausten keskiarvot kasvoivat yhdeks\u00e4nkertaisiksi.<\/p><p>Muutos oli suurin yli 90-vuotiaiden joukossa. My\u00f6s pidemp\u00e4\u00e4n el\u00e4neiden joukossa l\u00e4\u00e4kkeiden ostot yleistyiv\u00e4t, mutta olivat harvinaisia viimeisi\u00e4 vuosiaan el\u00e4neisiin n\u00e4hden. Kasvu oli suurinta tutkimusjakson alussa, mutta tasaantui huomattavasti l\u00e4hestytt\u00e4ess\u00e4 vuotta 2013. Aikasarja-analyysin tulosten mukaan tehostetussa palveluasumisessa asuttujen p\u00e4ivien m\u00e4\u00e4r\u00e4n kasvu oli tilastollisesti merkitsev\u00e4sti yhteydess\u00e4 kustannusten ja korvausten kasvuun.<\/p><p>Demential\u00e4\u00e4kkeiden ostaminen oli el\u00e4m\u00e4n kahtena viimeisen\u00e4 vuotena el\u00e4neill\u00e4 huomattavasti yleisemp\u00e4\u00e4 kuin niill\u00e4 henkil\u00f6ill\u00e4, joilla oli el\u00e4m\u00e4\u00e4 edess\u00e4\u00e4n enemm\u00e4n kuin kaksi vuotta. Suositusten mukaan demential\u00e4\u00e4kkeiden k\u00e4ytt\u00f6 tulisi aloittaa taudin varhaisessa vaiheessa, jolloin l\u00e4\u00e4kkeet tukevat potilaan omatoimisuutta ja esimerkiksi ymp\u00e4rivuorokautiseen hoitoon siirtymist\u00e4 voitaisiin my\u00f6hent\u00e4\u00e4.<\/p><p>\u00a0- Olisikin t\u00e4rke\u00e4\u00e4 tutkia, aloitetaanko demential\u00e4\u00e4kkeiden k\u00e4ytt\u00f6 sairauden etenemisen kannalta oikeaan aikaan ja lopetetaanko l\u00e4\u00e4kkeiden k\u00e4ytt\u00f6 siin\u00e4 vaiheessa, kun niist\u00e4 ei ole en\u00e4\u00e4 hy\u00f6ty\u00e4, sanoo tutkijatohtori <strong>Mari Aaltonen<\/strong> Tampereen yliopistosta.<\/p><p>Tutkimus on osa Tampereen yliopiston terveystieteiden yksik\u00f6n ja Gerontologian tutkimuskeskuksen sek\u00e4 Kelan yhteishanketta <em>L\u00e4\u00e4kekustannukset ja vanhuusi\u00e4n pitk\u00e4aikaishoidon muuttuvat k\u00e4yt\u00e4nn\u00f6t<\/em>. Laaja rekisteriaineisto on k\u00e4yt\u00f6ss\u00e4 tutkimushankkeessa <em>Yleistyv\u00e4 pitk\u00e4ik\u00e4isyys ja sosiaali- ja terveyspalvelujen uudet haasteet<\/em> (COCTEL), joka on ollut k\u00e4ynniss\u00e4 Tampereen yliopiston terveystieteiden yksik\u00f6ss\u00e4 vuodesta 2004.<\/p><p>Rekisteritutkimuksessa yhdistettiin henkil\u00f6tunnuksen avulla Kelan reseptitiedoston tiedot avohoidon demential\u00e4\u00e4keostojen kustannuksista ja korvauksista hoitoilmoitusj\u00e4rjestelm\u00e4n (terveysHILMO ja sosiaaliHILMO, THL) tietoihin ymp\u00e4rivuorokautisen hoidon k\u00e4yt\u00f6st\u00e4.<\/p><p><em>Alkuper\u00e4inen julkaisu:<\/em><br \/><em>Aaltonen M, Pulkki J, Forma L, Raitanen J, Rissanen P, Jylh\u00e4 M: Demential\u00e4\u00e4kkeiden kustannukset ja Kela-korvaukset moninkertaistuivat viimeisin\u00e4 elinvuosina. L\u00e4\u00e4k\u00e4rilehti 2016: 71 (43); 2723-2729.<\/em><\/p><p><strong>Lis\u00e4tietoja:<\/strong><br \/>Tutkijatohtori Mari Aaltonen, 040 190 1674, <a href=\"mailto:\/\/mari.s.aaltonen@uta.fi\"  target=\"_blank\">mari.s.aaltonen@uta.fi<\/a><\/p><p>TAMPEREEN YLIOPISTON TIEDOTE 7.11.2016<\/p><\/div>                                                                                                                  ","_fi_post_name":"dementialaakeostojen-kustannukset-ja-kela-korvaukset-kasvoivat-vuosina-2000-2013","_fi_post_excerpt":"","_fi_post_title":"Demential\u00e4\u00e4keostojen kustannukset ja Kela-korvaukset kasvoivat vuosina 2000 - 2013","_en_post_content":"","_en_post_name":"","_en_post_excerpt":"","_en_post_title":"","edit_language":"en","footnotes":""},"categories":[130,1],"tags":[],"class_list":["post-182","post","type-post","status-publish","format-standard","hentry","category-tiedeuutiset","category-yleinen","entry","no-media"],"_links":{"self":[{"href":"https:\/\/www.gerec.fi\/en\/wp-json\/wp\/v2\/posts\/182","targetHints":{"allow":["GET"]}}],"collection":[{"href":"https:\/\/www.gerec.fi\/en\/wp-json\/wp\/v2\/posts"}],"about":[{"href":"https:\/\/www.gerec.fi\/en\/wp-json\/wp\/v2\/types\/post"}],"author":[{"embeddable":true,"href":"https:\/\/www.gerec.fi\/en\/wp-json\/wp\/v2\/users\/1"}],"replies":[{"embeddable":true,"href":"https:\/\/www.gerec.fi\/en\/wp-json\/wp\/v2\/comments?post=182"}],"version-history":[{"count":1,"href":"https:\/\/www.gerec.fi\/en\/wp-json\/wp\/v2\/posts\/182\/revisions"}],"predecessor-version":[{"id":5382,"href":"https:\/\/www.gerec.fi\/en\/wp-json\/wp\/v2\/posts\/182\/revisions\/5382"}],"wp:attachment":[{"href":"https:\/\/www.gerec.fi\/en\/wp-json\/wp\/v2\/media?parent=182"}],"wp:term":[{"taxonomy":"category","embeddable":true,"href":"https:\/\/www.gerec.fi\/en\/wp-json\/wp\/v2\/categories?post=182"},{"taxonomy":"post_tag","embeddable":true,"href":"https:\/\/www.gerec.fi\/en\/wp-json\/wp\/v2\/tags?post=182"}],"curies":[{"name":"wp","href":"https:\/\/api.w.org\/{rel}","templated":true}]}}