{"id":179,"date":"2018-12-11T20:13:44","date_gmt":"2018-12-11T20:13:44","guid":{"rendered":"https:\/\/gerec.fi\/2018\/12\/11\/tutkimusjulkaisu-hyva-asuintalon-suunnittelu-mahdollistaa-ikaantyneiden-liikkumisen-ulkona\/"},"modified":"2019-02-21T16:39:49","modified_gmt":"2019-02-21T14:39:49","slug":"","status":"publish","type":"post","link":"https:\/\/www.gerec.fi\/en\/tutkimusjulkaisu-hyva-asuintalon-suunnittelu-mahdollistaa-ikaantyneiden-liikkumisen-ulkona\/","title":{"rendered":"","raw":""},"content":{"rendered":"","protected":false,"raw":""},"excerpt":{"rendered":"Tuore Jyv\u00e4skyl\u00e4n yliopiston Gerontologian tutkimuskeskuksessa toteutettu tutkimus osoittaa, ett\u00e4 asuintaloon liittyv\u00e4t ymp\u00e4rist\u00f6n esteet, kuten portaat ja painavat ovet, heikent\u00e4v\u00e4t mahdollisuuksia liikkua ulkona p\u00e4ivitt\u00e4in erityisesti ik\u00e4\u00e4ntyneill\u00e4, joilla on heikentynyt liikkumiskyky. Terveyden ja toimintakyvyn s\u00e4ilymisen kannalta on kuitenkin t\u00e4rke\u00e4\u00e4, ett\u00e4 ik\u00e4\u00e4ntyneet p\u00e4\u00e4sev\u00e4t&hellip;","protected":false,"raw":""},"author":1,"featured_media":0,"comment_status":"open","ping_status":"open","sticky":false,"template":"","format":"standard","meta":{"_mi_skip_tracking":false,"_fi_post_content":"<div id=\"articleHeader\"><\/div>                                                                                                                                                                                                                     <div id=\"parent-fieldname-description\">                   Tuore Jyv\u00e4skyl\u00e4n yliopiston Gerontologian tutkimuskeskuksessa toteutettu tutkimus osoittaa, ett\u00e4 asuintaloon liittyv\u00e4t ymp\u00e4rist\u00f6n esteet, kuten portaat ja painavat ovet, heikent\u00e4v\u00e4t mahdollisuuksia liikkua ulkona p\u00e4ivitt\u00e4in erityisesti ik\u00e4\u00e4ntyneill\u00e4, joilla on heikentynyt liikkumiskyky. Terveyden ja toimintakyvyn s\u00e4ilymisen kannalta on kuitenkin t\u00e4rke\u00e4\u00e4, ett\u00e4 ik\u00e4\u00e4ntyneet p\u00e4\u00e4sev\u00e4t vaikeuksitta ulos kodistaan.                <\/div>                                                                                                                       <div id=\"content-core\">                                                             <div id=\"parent-fieldname-text\">            <p>Tiedet\u00e4\u00e4n, ett\u00e4 ik\u00e4\u00e4ntyneiden henkil\u00f6iden liikkuminen ulkona lis\u00e4\u00e4 oleellisesti heid\u00e4n fyysist\u00e4 aktiivisuuttaan ja mahdollistaa osallistumisen merkitykselliseen toimintaan, yliopistotutkija <b>Erja Portegijs<\/b> selitt\u00e4\u00e4.<\/p><p>Tutkimukseen osallistui 836 henkil\u00f6\u00e4 Jyv\u00e4skyl\u00e4n ja Muuramen alueelta. Tutkittavat olivat 75-90-vuotiaita ja heit\u00e4 haastateltiin kotona. Tutkittavat jaettiin kahteen ryhm\u00e4\u00e4n liikkumiskykytestin perusteella. Lis\u00e4ksi heilt\u00e4 kyseltiin, kokivatko he asuintalon sis\u00e4\u00e4nk\u00e4yntiin liittyvi\u00e4 esteit\u00e4, jotka hankaloittivat heid\u00e4n liikkumistaan, ja haastattelija arvioi rakennuss\u00e4\u00e4d\u00f6ksiin perustuvan objektiivisen mittarin avulla sis\u00e4\u00e4nk\u00e4ynnin esteett\u00f6myytt\u00e4.<\/p><p>Heikompi liikkumiskyky v\u00e4hensi todenn\u00e4k\u00f6isyytt\u00e4, ett\u00e4 henkil\u00f6 liikkuu p\u00e4ivitt\u00e4in ulkona. Lis\u00e4ksi ulkona liikkumisen todenn\u00e4k\u00f6isyys laski entisest\u00e4\u00e4n, mik\u00e4li henkil\u00f6 raportoi kokevansa ymp\u00e4rist\u00f6n esteit\u00e4 asuntonsa sis\u00e4\u00e4nk\u00e4ynniss\u00e4. Sama oli my\u00f6s todettavissa objektiivisella mittarilla, eli silloin kun haastattelija arvioi asuintalon sis\u00e4\u00e4nk\u00e4ynniss\u00e4 olevan keskim\u00e4\u00e4r\u00e4ist\u00e4 enemm\u00e4n esteit\u00e4.<\/p><p>Henkil\u00f6t, jotka asuivat sellaisessa talossa jossa oli keskim\u00e4\u00e4r\u00e4st\u00e4 v\u00e4hemm\u00e4n esteit\u00e4, mutta joilla oli heikompi liikkumiskyky, liikkuivat yht\u00e4 todenn\u00e4k\u00f6isesti ulkona p\u00e4ivitt\u00e4in kuin he, joilla oli parempi liikkumiskyky.<\/p><p>-\u00a0\u00a0\u00a0\u00a0\u00a0\u00a0\u00a0 T\u00e4m\u00e4 osoittaa, ett\u00e4 hyv\u00e4ll\u00e4 ymp\u00e4rist\u00f6suunnittelulla on liikkumista mahdollistava vaikutus erityisesti liikkumiskyvyn heikentyess\u00e4, Portegijs toteaa.<\/p><p>Tutkimustulokset on julkaistu alan kansainv\u00e4lisess\u00e4 tieteellisess\u00e4 aikakauslehdess\u00e4 Archives of Gerontology and Geriatrics 19.11.2016.<\/p><p><b>Lis\u00e4tietoja: <\/b><\/p><p>Yliopistotutkija Erja Portegijs, puh. 040 481 4347, erja.portegijs@jyu.fi<\/p><p>Portegijs E, Rantakokko M, Viljanen A, Rantanen T, Iwarsson S. Perceived and objective entrance-related environmental barriers and daily out-of-home mobility in community-dwelling older people. Archives Gerontology and Geriatrics 2017;69:69-76. doi: 10.1016\/j.archger.2016.11.011<\/p><p>Tutkimusta rahoittivat Opetus- ja kulttuuriministeri\u00f6 sek\u00e4 Suomen Akatemian Asumisen Tulevaisuus (ASU-LIVE) tutkimusohjelma.<\/p><p>Gerontologian tutkimuskeskus GEREC on Jyv\u00e4skyl\u00e4n ja Tampereen yliopistojen tutkimuskeskus, joka tuottaa uutta tieteellist\u00e4 tietoa ik\u00e4\u00e4ntymisest\u00e4, osallistuu yliopistokoulutukseen ja vahvistaa alan asiantuntemusta.<\/p>        <\/div>                                                                                                                  ","_fi_post_name":"tutkimusjulkaisu-hyva-asuintalon-suunnittelu-mahdollistaa-ikaantyneiden-liikkumisen-ulkona","_fi_post_excerpt":"","_fi_post_title":"Tutkimusjulkaisu: Hyv\u00e4 asuintalon suunnittelu mahdollistaa ik\u00e4\u00e4ntyneiden liikkumisen ulkona","_en_post_content":"","_en_post_name":"","_en_post_excerpt":"","_en_post_title":"","edit_language":"en","footnotes":""},"categories":[130,1],"tags":[],"class_list":["post-179","post","type-post","status-publish","format-standard","hentry","category-tiedeuutiset","category-yleinen","entry","no-media"],"_links":{"self":[{"href":"https:\/\/www.gerec.fi\/en\/wp-json\/wp\/v2\/posts\/179","targetHints":{"allow":["GET"]}}],"collection":[{"href":"https:\/\/www.gerec.fi\/en\/wp-json\/wp\/v2\/posts"}],"about":[{"href":"https:\/\/www.gerec.fi\/en\/wp-json\/wp\/v2\/types\/post"}],"author":[{"embeddable":true,"href":"https:\/\/www.gerec.fi\/en\/wp-json\/wp\/v2\/users\/1"}],"replies":[{"embeddable":true,"href":"https:\/\/www.gerec.fi\/en\/wp-json\/wp\/v2\/comments?post=179"}],"version-history":[{"count":1,"href":"https:\/\/www.gerec.fi\/en\/wp-json\/wp\/v2\/posts\/179\/revisions"}],"predecessor-version":[{"id":5379,"href":"https:\/\/www.gerec.fi\/en\/wp-json\/wp\/v2\/posts\/179\/revisions\/5379"}],"wp:attachment":[{"href":"https:\/\/www.gerec.fi\/en\/wp-json\/wp\/v2\/media?parent=179"}],"wp:term":[{"taxonomy":"category","embeddable":true,"href":"https:\/\/www.gerec.fi\/en\/wp-json\/wp\/v2\/categories?post=179"},{"taxonomy":"post_tag","embeddable":true,"href":"https:\/\/www.gerec.fi\/en\/wp-json\/wp\/v2\/tags?post=179"}],"curies":[{"name":"wp","href":"https:\/\/api.w.org\/{rel}","templated":true}]}}