{"id":174,"date":"2018-12-11T20:13:43","date_gmt":"2018-12-11T20:13:43","guid":{"rendered":"https:\/\/gerec.fi\/2018\/12\/11\/copy-of-vanhojen-ihmisten-ymparivuorokautinen-pitkaaikaishoito-keskittyy-yha-enemman-viimeisiin-elinvuosiin\/"},"modified":"2019-02-21T17:41:52","modified_gmt":"2019-02-21T15:41:52","slug":"","status":"publish","type":"post","link":"https:\/\/www.gerec.fi\/en\/copy-of-vanhojen-ihmisten-ymparivuorokautinen-pitkaaikaishoito-keskittyy-yha-enemman-viimeisiin-elinvuosiin\/","title":{"rendered":"","raw":""},"content":{"rendered":"","protected":false,"raw":""},"excerpt":{"rendered":"Hyvin vanhaksi el\u00e4v\u00e4t ihmiset tarvitsevat usein ymp\u00e4rivuorokautista pitk\u00e4aikaishoitoa el\u00e4m\u00e4ns\u00e4 loppuvaiheessa. Pitk\u00e4ik\u00e4isyyden yleistyess\u00e4 yh\u00e4 useampi el\u00e4\u00e4 viimeiset vuotensa hyvin vanhana. Tampereen yliopistossa tutkittiin, miten t\u00e4m\u00e4 muutos n\u00e4kyy ymp\u00e4rivuorokautisen pitk\u00e4aikaishoidon k\u00e4yt\u00f6ss\u00e4. 70 vuotta t\u00e4ytt\u00e4neiden pitk\u00e4aikaishoito viimeisin\u00e4 elinvuosina yleistyi vuodesta 2000 vuoteen 2011.&hellip;","protected":false,"raw":""},"author":1,"featured_media":0,"comment_status":"open","ping_status":"open","sticky":false,"template":"","format":"standard","meta":{"_mi_skip_tracking":false,"_fi_post_content":"<div id=\"articleHeader\"><\/div>                                                                                                                                                                                                                     <div id=\"parent-fieldname-description\">                   Hyvin vanhaksi el\u00e4v\u00e4t ihmiset tarvitsevat usein ymp\u00e4rivuorokautista pitk\u00e4aikaishoitoa el\u00e4m\u00e4ns\u00e4 loppuvaiheessa. Pitk\u00e4ik\u00e4isyyden yleistyess\u00e4 yh\u00e4 useampi el\u00e4\u00e4 viimeiset vuotensa hyvin vanhana. Tampereen yliopistossa tutkittiin, miten t\u00e4m\u00e4 muutos n\u00e4kyy ymp\u00e4rivuorokautisen pitk\u00e4aikaishoidon k\u00e4yt\u00f6ss\u00e4.                <\/div>                                                                                                                       <div id=\"content-core\">                                                             <div id=\"parent-fieldname-text\">            <p>70 vuotta t\u00e4ytt\u00e4neiden pitk\u00e4aikaishoito viimeisin\u00e4 elinvuosina yleistyi vuodesta 2000 vuoteen 2011. T\u00e4m\u00e4 liittyi erityisesti siihen, ett\u00e4 viimeisi\u00e4 vuosiaan el\u00e4v\u00e4t ovat yh\u00e4 vanhempia. Ik\u00e4ryhmien v\u00e4liset erot ovat merkitt\u00e4vi\u00e4: vuonna 2011 27 % 70-79-vuotiaaksi el\u00e4neist\u00e4, 49 % 80-89-vuotiaaksi el\u00e4neist\u00e4 ja 67 % yli 90-vuotiaaksi el\u00e4neist\u00e4 oli pitk\u00e4aikaishoidossa ainakin jonkin aikaa kahden viimeisen elinvuotensa aikana. \u00a0<\/p><p>Pitk\u00e4aikaishoito v\u00e4heni tutkimusaikana niiden joukossa, joilla oli viel\u00e4 v\u00e4hint\u00e4\u00e4n kaksi elinvuotta edess\u00e4. Viimeisi\u00e4 vuosia el\u00e4vien ja pidemp\u00e4\u00e4n el\u00e4vien ero pitk\u00e4aikaishoidon k\u00e4yt\u00f6ss\u00e4 kasvoi, ja pitk\u00e4aikaishoito keskittyi yh\u00e4 enemm\u00e4n el\u00e4m\u00e4n viimeisiin vuosiin.<\/p><p>Pitk\u00e4aikaishoito on kuitenkin yleist\u00e4 hyvin korkeassa i\u00e4ss\u00e4 my\u00f6s ennen viimeisi\u00e4 elinvuosia: joka nelj\u00e4s 90-vuotias oli pitk\u00e4aikaishoidossa jo aiemmin kuin kaksi vuotta ennen kuolemaansa. Korkeaan ik\u00e4\u00e4n ja kuoleman l\u00e4heisyyteen liittyy toimintakyvyn vajauksia ja sairauksia, joiden vuoksi vanha ihminen ei pysty asumaan en\u00e4\u00e4 kotona, vaan h\u00e4n tarvitsee ymp\u00e4rivuorokautista hoitoa. Kun hyvin vanhojen ihmisten m\u00e4\u00e4r\u00e4 kasvaa, my\u00f6s ymp\u00e4rivuorokautisen hoidon tarve kasvaa. Kaikki eiv\u00e4t pysty el\u00e4m\u00e4\u00e4n kotona loppuun saakka.\u00a0<\/p><p>Tutkimuksessa k\u00e4ytettiin rekisteriaineistoa. Pitk\u00e4aikaishoitoa verrattiin niill\u00e4, jotka eliv\u00e4t kahta viimeist\u00e4 vuottaan (tapaukset) niihin, jotka olivat saman ik\u00e4isi\u00e4, mutta eliv\u00e4t v\u00e4hint\u00e4\u00e4n kaksi vuotta pidemp\u00e4\u00e4n (verrokit). Tapaus-verrokki -pareja oli 315\u00a0458. Tutkitut pitk\u00e4aikaishoitomuodot olivat vanhainkoti, tehostettu palveluasuminen ja pitk\u00e4aikaishoito terveyskeskuksen vuodeosastolla.<\/p><p>Tutkimus on osa Yleistyv\u00e4 pitk\u00e4ik\u00e4isyys ja sosiaali- ja terveyspalvelujen uudet haasteet (COCTEL) -hanketta. Suomen Akatemian rahoittaman tutkimuksen tulokset julkaistiin <i>European Journal of Public Health<\/i> -lehdess\u00e4.<\/p><p><i>Alkuper\u00e4isjulkaisu:<\/i><\/p><p><i>Forma L, Aaltonen M, Pulkki J, Raitanen J, Rissanen P, Jylh\u00e4 M 2017. <\/i><i>Long-term care is increasingly concentrated in the last years of life: a change from 2000 to 2011. European Journal of Public Health, online first,<\/i><i>teksti julkaistaan osoitteessa\u00a0<\/i><a href=\"http:\/\/dx.doi.org\/10.1093\/eurpub\/ckw260\"  target=\"_blank\"><i>http:\/dx.doi.org\/10.1093\/eurpub\/ckw260<\/i><\/a><br \/><i>Artikkeli PubMed-tietokannassa:<br \/><\/i><a href=\"https:\/\/www.ncbi.nlm.nih.gov\/pubmed\/28339763\"  target=\"_blank\"><i>https:\/\/www.ncbi.nlm.nih.gov\/pubmed\/28339763<\/i><\/a><\/p><p>Lis\u00e4tietoja:<\/p><p>Tutkijatohtori Leena Forma, 040\u00a0190 1604, <a href=\"mailto:\/\/leena.forma@uta.fi\"  target=\"_blank\">leena.forma@uta.fi<\/a><br \/>Yhteiskuntatieteiden tiedekunta ja Gerontologian tutkimuskeskus (GEREC), Tampereen yliopisto<\/p>        <\/div>                                                                                                                  ","_fi_post_name":"copy-of-vanhojen-ihmisten-ymparivuorokautinen-pitkaaikaishoito-keskittyy-yha-enemman-viimeisiin-elinvuosiin","_fi_post_excerpt":"","_fi_post_title":"Vanhojen ihmisten ymp\u00e4rivuorokautinen pitk\u00e4aikaishoito keskittyy yh\u00e4 enemm\u00e4n viimeisiin elinvuosiin","_en_post_content":"","_en_post_name":"","_en_post_excerpt":"","_en_post_title":"","edit_language":"en","footnotes":""},"categories":[130,1],"tags":[],"class_list":["post-174","post","type-post","status-publish","format-standard","hentry","category-tiedeuutiset","category-yleinen","entry","no-media"],"_links":{"self":[{"href":"https:\/\/www.gerec.fi\/en\/wp-json\/wp\/v2\/posts\/174","targetHints":{"allow":["GET"]}}],"collection":[{"href":"https:\/\/www.gerec.fi\/en\/wp-json\/wp\/v2\/posts"}],"about":[{"href":"https:\/\/www.gerec.fi\/en\/wp-json\/wp\/v2\/types\/post"}],"author":[{"embeddable":true,"href":"https:\/\/www.gerec.fi\/en\/wp-json\/wp\/v2\/users\/1"}],"replies":[{"embeddable":true,"href":"https:\/\/www.gerec.fi\/en\/wp-json\/wp\/v2\/comments?post=174"}],"version-history":[{"count":1,"href":"https:\/\/www.gerec.fi\/en\/wp-json\/wp\/v2\/posts\/174\/revisions"}],"predecessor-version":[{"id":5413,"href":"https:\/\/www.gerec.fi\/en\/wp-json\/wp\/v2\/posts\/174\/revisions\/5413"}],"wp:attachment":[{"href":"https:\/\/www.gerec.fi\/en\/wp-json\/wp\/v2\/media?parent=174"}],"wp:term":[{"taxonomy":"category","embeddable":true,"href":"https:\/\/www.gerec.fi\/en\/wp-json\/wp\/v2\/categories?post=174"},{"taxonomy":"post_tag","embeddable":true,"href":"https:\/\/www.gerec.fi\/en\/wp-json\/wp\/v2\/tags?post=174"}],"curies":[{"name":"wp","href":"https:\/\/api.w.org\/{rel}","templated":true}]}}