{"id":172,"date":"2018-12-11T20:13:43","date_gmt":"2018-12-11T20:13:43","guid":{"rendered":"https:\/\/gerec.fi\/2018\/12\/11\/tutkimusjulkaisu-lihavuus-ei-heikenna-toimintakykya-90-vuotiailla\/"},"modified":"2019-02-21T16:39:50","modified_gmt":"2019-02-21T14:39:50","slug":"","status":"publish","type":"post","link":"https:\/\/www.gerec.fi\/en\/tutkimusjulkaisu-lihavuus-ei-heikenna-toimintakykya-90-vuotiailla\/","title":{"rendered":"","raw":""},"content":{"rendered":"","protected":false,"raw":""},"excerpt":{"rendered":"Yleinen lihavuus tai keskivartalolihavuus ei ennusta liikkumiskyvyn tai p\u00e4ivitt\u00e4istoimintojen heikentymist\u00e4 90-vuotiailla. Sen sijaan pieni vy\u00f6t\u00e4r\u00f6nymp\u00e4rys naisilla ennusti p\u00e4ivitt\u00e4istoimintojen heikentymist\u00e4. T\u00e4m\u00e4 selvisi Tampereen yliopiston ja Gerontologian tutkimuskeskuksen julkaisemassa tutkimuksessa. Aiemmissa tutkimuksissa on osoitettu, ett\u00e4 lihavuus ja alhainen kehon paino ovat nuoremmilla&hellip;","protected":false,"raw":""},"author":1,"featured_media":0,"comment_status":"open","ping_status":"open","sticky":false,"template":"","format":"standard","meta":{"_mi_skip_tracking":false,"_fi_post_content":"<div id=\"articleHeader\"><\/div>                                                                                                                                                                                                                     <div id=\"parent-fieldname-description\">                   Yleinen lihavuus tai keskivartalolihavuus ei ennusta liikkumiskyvyn tai p\u00e4ivitt\u00e4istoimintojen heikentymist\u00e4 90-vuotiailla. Sen sijaan pieni vy\u00f6t\u00e4r\u00f6nymp\u00e4rys naisilla ennusti p\u00e4ivitt\u00e4istoimintojen heikentymist\u00e4. T\u00e4m\u00e4 selvisi Tampereen yliopiston ja Gerontologian tutkimuskeskuksen julkaisemassa tutkimuksessa.                <\/div>                                                                                                                       <div id=\"content-core\">                                                             <div id=\"parent-fieldname-text\">            <p>Aiemmissa tutkimuksissa on osoitettu, ett\u00e4 lihavuus ja alhainen kehon paino ovat nuoremmilla ik\u00e4ihmisill\u00e4 riskitekij\u00f6it\u00e4 toimintakyvyn heikkenemiselle. Lihavuuden ja toimintakyvyn v\u00e4lisist\u00e4 yhteyksist\u00e4 tiedet\u00e4\u00e4n kuitenkin vain v\u00e4h\u00e4n vanhoista vanhimmilla eli 85-vuotiailla ja sit\u00e4 vanhemmilla, jotka ovat nopeimmin kasvava v\u00e4est\u00f6ryhm\u00e4 l\u00e4nsimaissa.<\/p><p>Tutkimusjoukko (291 naista ja 134 miest\u00e4) koostui 90-vuotiaista Tervaskannot 90+ -tutkimukseen osallistuneista henkil\u00f6ist\u00e4, joilla ei tutkimuksen alkaessa ollut toimintakyvyn ongelmia. Rajoitteiden ilmaantumista liikkumisessa ja p\u00e4ivitt\u00e4istoiminnoissa seurattiin postikyselyjen avulla keskim\u00e4\u00e4rin 3.6 vuotta (0.6\u20127.8 vuotta). Lihavuutta tarkasteltiin yleist\u00e4 lihavuutta kuvaavan painoindeksin ja keskivartalolihavuutta kuvaavan vy\u00f6t\u00e4r\u00f6nymp\u00e4ryksen avulla.<\/p><p>-\u00a0\u00a0\u00a0\u00a0\u00a0\u00a0\u00a0\u00a0\u00a0 Jos on ehtinyt 90 vuoden ik\u00e4\u00e4n ja toimintakyky on edelleen hyv\u00e4, eiv\u00e4t ylim\u00e4\u00e4r\u00e4iset kilot n\u00e4yt\u00e4 ennustavan toimintakyvyn heikkenemist\u00e4, t\u00e4hdent\u00e4\u00e4 tohtoriopiskelija <b>Inna Lisko<\/b> Tampereen yliopistosta.<\/p><p>-\u00a0\u00a0\u00a0\u00a0\u00a0\u00a0\u00a0\u00a0\u00a0 Ylip\u00e4\u00e4ns\u00e4 tulokset korostavat alhaiseen painoon liittyvi\u00e4 riskej\u00e4. Siell\u00e4 voi taustalla olla sairauksia ja riitt\u00e4m\u00e4t\u00f6nt\u00e4 ravinnonsaantia. Painon seuranta hyvin vanhoilla olisikin t\u00e4rke\u00e4\u00e4, sanoo Lisko.<\/p><p>Inna Lisko v\u00e4itteli Tampereen yliopistossa 7.4.2017 aiheenaan vanhoista vanhimpien lihavuus.<\/p><p><b>Lis\u00e4tietoja:<\/b><\/p><p>Tohtoriopiskelija Inna Lisko: +358 40\u00a0850 2241, <a href=\"mailto:\/\/Lisko.Inna.K@student.uta.fi\"  target=\"_blank\">Lisko.Inna.K@student.uta.fi<\/a><\/p><p>Lisko I, Tiainen K, Raitanen J, Jylh\u00e4v\u00e4 J, Hurme M Hervonen A, Jylh\u00e4 M, Stenholm S. Body mass index and waist circumference as predictors of disability in nonagenarians: The Vitality 90+ Study. The Journals of Gerontology. Series A, Biological Sciences and Medical Sciences. Epub 14 March 2017. doi:10.1093\/gerona\/glx032<\/p><p>Linkki julkaisuun: <a href=\"http:\/\/dx.doi.org\/10.1093\/gerona\/glx032\"  target=\"_blank\">http:\/\/dx.doi.org\/10.1093\/gerona\/glx032<\/a><\/p><p>Linkki v\u00e4it\u00f6stiedotteeseen: <a href=\"https:\/\/www.uta.fi\/ajankohtaista\/tapahtumat\/lihavuus-vanhoista-vanhimmilla\"  target=\"_blank\">https:\/\/www.uta.fi\/ajankohtaista\/tapahtumat\/lihavuus-vanhoista-vanhimmilla<\/a><\/p>        <\/div>                                                                                                                      ","_fi_post_name":"tutkimusjulkaisu-lihavuus-ei-heikenna-toimintakykya-90-vuotiailla","_fi_post_excerpt":"","_fi_post_title":"Tutkimusjulkaisu: Lihavuus ei heikenn\u00e4 toimintakyky\u00e4 90-vuotiailla","_en_post_content":"","_en_post_name":"","_en_post_excerpt":"","_en_post_title":"","edit_language":"en","footnotes":""},"categories":[130,1],"tags":[],"class_list":["post-172","post","type-post","status-publish","format-standard","hentry","category-tiedeuutiset","category-yleinen","entry","no-media"],"_links":{"self":[{"href":"https:\/\/www.gerec.fi\/en\/wp-json\/wp\/v2\/posts\/172","targetHints":{"allow":["GET"]}}],"collection":[{"href":"https:\/\/www.gerec.fi\/en\/wp-json\/wp\/v2\/posts"}],"about":[{"href":"https:\/\/www.gerec.fi\/en\/wp-json\/wp\/v2\/types\/post"}],"author":[{"embeddable":true,"href":"https:\/\/www.gerec.fi\/en\/wp-json\/wp\/v2\/users\/1"}],"replies":[{"embeddable":true,"href":"https:\/\/www.gerec.fi\/en\/wp-json\/wp\/v2\/comments?post=172"}],"version-history":[{"count":1,"href":"https:\/\/www.gerec.fi\/en\/wp-json\/wp\/v2\/posts\/172\/revisions"}],"predecessor-version":[{"id":5412,"href":"https:\/\/www.gerec.fi\/en\/wp-json\/wp\/v2\/posts\/172\/revisions\/5412"}],"wp:attachment":[{"href":"https:\/\/www.gerec.fi\/en\/wp-json\/wp\/v2\/media?parent=172"}],"wp:term":[{"taxonomy":"category","embeddable":true,"href":"https:\/\/www.gerec.fi\/en\/wp-json\/wp\/v2\/categories?post=172"},{"taxonomy":"post_tag","embeddable":true,"href":"https:\/\/www.gerec.fi\/en\/wp-json\/wp\/v2\/tags?post=172"}],"curies":[{"name":"wp","href":"https:\/\/api.w.org\/{rel}","templated":true}]}}