{"id":171,"date":"2018-12-11T20:13:43","date_gmt":"2018-12-11T20:13:43","guid":{"rendered":"https:\/\/gerec.fi\/2018\/12\/11\/tutkimusjulkaisu-kognitiivinen-toiminnanohjaus-on-yhteydessa-ikaantyneiden-elinpiirin-laajuuteen\/"},"modified":"2019-02-21T16:39:50","modified_gmt":"2019-02-21T14:39:50","slug":"","status":"publish","type":"post","link":"https:\/\/www.gerec.fi\/en\/tutkimusjulkaisu-kognitiivinen-toiminnanohjaus-on-yhteydessa-ikaantyneiden-elinpiirin-laajuuteen\/","title":{"rendered":"","raw":""},"content":{"rendered":"","protected":false,"raw":""},"excerpt":{"rendered":"Jyv\u00e4skyl\u00e4n yliopiston Gerontologian tutkimuskeskuksessa tehdyn tutkimuksen mukaan kognitiivinen toiminnanohjaus on yhteydess\u00e4 ik\u00e4\u00e4ntyvien henkil\u00f6iden liikkumisaktiivisuuteen elinpiiriss\u00e4\u00e4n. Liikkumisaktiivisuus elinpiiriss\u00e4 kuvaa henkil\u00f6n liikkumisen laajuutta, m\u00e4\u00e4r\u00e4\u00e4 ja mahdollista avun tarvetta liikkumiseen. Ik\u00e4\u00e4ntyneen henkil\u00f6n itsen\u00e4isen el\u00e4m\u00e4n ja aktiivisena vanhenemisen kannalta on t\u00e4rke\u00e4\u00e4, ett\u00e4 h\u00e4n pystyy&hellip;","protected":false,"raw":""},"author":1,"featured_media":0,"comment_status":"open","ping_status":"open","sticky":false,"template":"","format":"standard","meta":{"_mi_skip_tracking":false,"_fi_post_content":"<div id=\"articleHeader\"><\/div>                                                                                                                                                                                                                     <div id=\"parent-fieldname-description\">                   Jyv\u00e4skyl\u00e4n yliopiston Gerontologian tutkimuskeskuksessa tehdyn tutkimuksen mukaan kognitiivinen toiminnanohjaus on yhteydess\u00e4 ik\u00e4\u00e4ntyvien henkil\u00f6iden liikkumisaktiivisuuteen elinpiiriss\u00e4\u00e4n.                <\/div>                                                                                                                       <div id=\"content-core\">                                                             <div id=\"parent-fieldname-text\">            <p>Liikkumisaktiivisuus elinpiiriss\u00e4 kuvaa henkil\u00f6n liikkumisen laajuutta, m\u00e4\u00e4r\u00e4\u00e4 ja mahdollista avun tarvetta liikkumiseen. Ik\u00e4\u00e4ntyneen henkil\u00f6n itsen\u00e4isen el\u00e4m\u00e4n ja aktiivisena vanhenemisen kannalta on t\u00e4rke\u00e4\u00e4, ett\u00e4 h\u00e4n pystyy liikkumaan itsen\u00e4isesti minne haluaa, milloin haluaa ja miten haluaa, tohtorikoulutettava <b>Taina Poranen-Clark<\/b> toteaa.<\/p><p>Toiminnanohjaus on kaiken tavoitteellisen toiminnan kannalta t\u00e4rke\u00e4 kognitiivinen kyky. Toiminnanohjauksessa tarvitaan monimutkaisia kognitiivisia prosesseja, kuten informaation s\u00e4ilytt\u00e4mist\u00e4 ty\u00f6muistissa, kyky\u00e4 vaihtaa tarvittaessa teht\u00e4v\u00e4st\u00e4 toiseen sek\u00e4 tarkkaavaisuuden yll\u00e4pitoa ja kontrollia, selvitt\u00e4\u00e4 Poranen-Clark.<\/p><p>Tutkimukseen osallistui 157 kotonaan asuvaa 76\u201391 -vuotiasta henkil\u00f6\u00e4. Tutkittavat osallistuivat haastatteluihin ja testeihin vuosina 2014 ja 2016. Liikkumisaktiivisuutta elinpiiriss\u00e4 kysyttiin haastattelua edelt\u00e4vien nelj\u00e4n viikon ajalta. Toiminnanohjausta arvioitiin tutkimuksessa kognitiivista suorituskyky\u00e4 mittaavalla Trail Making Testill\u00e4, josta suoriutuminen vaatii mm. ty\u00f6muistin k\u00e4ytt\u00f6\u00e4, keskittymiskyky\u00e4, prosessointinopeutta ja joustavuutta.<\/p><p>Heikon toiminnanohjauksen yhteytt\u00e4 v\u00e4h\u00e4iseen liikkumisaktiivisuuteen elinpiiriss\u00e4 selitti henkil\u00f6n heikko alaraajojen toimintakyky sek\u00e4 vaikeudet kulkuneuvoilla liikkumisessa. Kahden vuoden seurannan tulokset antoivat viitteit\u00e4 siit\u00e4, ett\u00e4 heikko toiminnanohjaus mahdollisesti my\u00f6s ennustaa elinpiirin kapenemista.<\/p><p>Kognitiivisen toiminnanohjauksen ja motorisen kontrollin s\u00e4\u00e4tely tapahtuu ensisijaisesti etuaivolohkon alueella aivoissa. T\u00e4m\u00e4 aivoalue on erityisen altis normaalin ik\u00e4\u00e4ntymisen mukanaan tuomille muutoksille. Etuaivolohkon alueen toiminnan heikkeneminen ei ainoastaan vaikuta kognitiiviseen toimintakykyyn vaan mahdollisesti my\u00f6s motorisiin toimintoihin.<\/p><p>Kognitiivinen heikentyminen saattaa v\u00e4hent\u00e4\u00e4 mahdollisuuksia sosiaaliseen kanssak\u00e4ymiseen sek\u00e4 est\u00e4\u00e4 p\u00e4\u00e4syn yhteiskunnallisiin palveluihin, mik\u00e4 puolestaan kiihdytt\u00e4\u00e4 kognitiivista heikentymist\u00e4. Kognitiivisen harjoittelun merkityst\u00e4 liikkumiskyvyn yll\u00e4pit\u00e4misess\u00e4 olisi syyt\u00e4 tutkia lis\u00e4\u00e4.<\/p><p><strong>Lis\u00e4tietoja:<\/strong><br \/>Taina Poranen-Clark, Gerontologian tutkimuskeskus, Liikuntatieteellinen tiedekunta, Jyv\u00e4skyl\u00e4n yliopisto, puh 040 8054950, <a href=\":\/\/\"  target=\"_blank\">taina.poranen-clark@jyu.fi<\/a><\/p><p><strong>Alkuper\u00e4isjulkaisu:<\/strong><br \/>Poranen-Clark, T., von Bonsdorff, M., Rantakokko; M., Portegijs E., Eronen, J., Kauppinen, M., Eriksson, J., Rantanen, T., Viljanen, A. Executive function and life-space mobility in old age Aging Clin Exp Res (2017) doi:10.1007\/s40520-017-0762-3<\/p>        <\/div>                                                                                                                  ","_fi_post_name":"tutkimusjulkaisu-kognitiivinen-toiminnanohjaus-on-yhteydessa-ikaantyneiden-elinpiirin-laajuuteen","_fi_post_excerpt":"","_fi_post_title":"Tutkimusjulkaisu: Kognitiivinen toiminnanohjaus on yhteydess\u00e4 ik\u00e4\u00e4ntyneiden elinpiirin laajuuteen","_en_post_content":"","_en_post_name":"","_en_post_excerpt":"","_en_post_title":"","edit_language":"en","footnotes":""},"categories":[130,1],"tags":[],"class_list":["post-171","post","type-post","status-publish","format-standard","hentry","category-tiedeuutiset","category-yleinen","entry","no-media"],"_links":{"self":[{"href":"https:\/\/www.gerec.fi\/en\/wp-json\/wp\/v2\/posts\/171","targetHints":{"allow":["GET"]}}],"collection":[{"href":"https:\/\/www.gerec.fi\/en\/wp-json\/wp\/v2\/posts"}],"about":[{"href":"https:\/\/www.gerec.fi\/en\/wp-json\/wp\/v2\/types\/post"}],"author":[{"embeddable":true,"href":"https:\/\/www.gerec.fi\/en\/wp-json\/wp\/v2\/users\/1"}],"replies":[{"embeddable":true,"href":"https:\/\/www.gerec.fi\/en\/wp-json\/wp\/v2\/comments?post=171"}],"version-history":[{"count":1,"href":"https:\/\/www.gerec.fi\/en\/wp-json\/wp\/v2\/posts\/171\/revisions"}],"predecessor-version":[{"id":5411,"href":"https:\/\/www.gerec.fi\/en\/wp-json\/wp\/v2\/posts\/171\/revisions\/5411"}],"wp:attachment":[{"href":"https:\/\/www.gerec.fi\/en\/wp-json\/wp\/v2\/media?parent=171"}],"wp:term":[{"taxonomy":"category","embeddable":true,"href":"https:\/\/www.gerec.fi\/en\/wp-json\/wp\/v2\/categories?post=171"},{"taxonomy":"post_tag","embeddable":true,"href":"https:\/\/www.gerec.fi\/en\/wp-json\/wp\/v2\/tags?post=171"}],"curies":[{"name":"wp","href":"https:\/\/api.w.org\/{rel}","templated":true}]}}