{"id":164,"date":"2018-12-11T20:13:43","date_gmt":"2018-12-11T20:13:43","guid":{"rendered":"https:\/\/gerec.fi\/2018\/12\/11\/kasvun-ja-vanhenemisen-tutkijat-ry-gradupalkinto-2017\/"},"modified":"2019-02-21T17:41:51","modified_gmt":"2019-02-21T15:41:51","slug":"","status":"publish","type":"post","link":"https:\/\/www.gerec.fi\/en\/kasvun-ja-vanhenemisen-tutkijat-ry-gradupalkinto-2017\/","title":{"rendered":"","raw":""},"content":{"rendered":"","protected":false,"raw":""},"excerpt":{"rendered":"Kasvun ja vanhenemisen tutkijat ry (KaVa) palkitsee vanhenemisen tutkimukseen liittyv\u00e4n pro gradu -tutkielman. Ehdotetun pro gradu -tutkielman tulee olla valmistunut vuosien 2014\u20132017 aikana. Ehdotukset 29.9.2017 menness\u00e4! Tarkemmat tiedot l\u00f6ytyv\u00e4t osoitteesta http:\/\/tinyurl.com\/ybx6mcuu Palkinto jaetaan KaVan ja Eloisa ik\u00e4 -ohjelman j\u00e4rjest\u00e4m\u00e4n Mit\u00e4&hellip;","protected":false,"raw":""},"author":1,"featured_media":0,"comment_status":"open","ping_status":"open","sticky":false,"template":"","format":"standard","meta":{"_mi_skip_tracking":false,"_fi_post_content":"<div id=\"articleHeader\"><\/div>                                                                                                                                                                                                                                                                                                                                            <div id=\"content-core\">                                                             <div id=\"parent-fieldname-text\">            <p>Kasvun ja vanhenemisen tutkijat ry (KaVa) palkitsee vanhenemisen tutkimukseen liittyv\u00e4n pro gradu -tutkielman. Ehdotetun pro gradu -tutkielman tulee olla valmistunut vuosien 2014\u20132017 aikana. Ehdotukset 29.9.2017 menness\u00e4! Tarkemmat tiedot l\u00f6ytyv\u00e4t osoitteesta <a href=\"http:\/\/tinyurl.com\/ybx6mcuu\"  target=\"_blank\">http:\/\/tinyurl.com\/ybx6mcuu<\/a> Palkinto jaetaan KaVan ja Eloisa ik\u00e4 -ohjelman j\u00e4rjest\u00e4m\u00e4n Mit\u00e4 on vanhuus -tutkimusseminaarin yhteydess\u00e4 31.10.2017.<\/p>        <\/div>                                                                                                                  ","_fi_post_name":"kasvun-ja-vanhenemisen-tutkijat-ry-gradupalkinto-2017","_fi_post_excerpt":"","_fi_post_title":"Kasvun ja vanhenemisen tutkijat ry: Gradupalkinto 2017","_en_post_content":"","_en_post_name":"","_en_post_excerpt":"","_en_post_title":"","edit_language":"en","footnotes":""},"categories":[130,1],"tags":[],"class_list":["post-164","post","type-post","status-publish","format-standard","hentry","category-tiedeuutiset","category-yleinen","entry","no-media"],"_links":{"self":[{"href":"https:\/\/www.gerec.fi\/en\/wp-json\/wp\/v2\/posts\/164","targetHints":{"allow":["GET"]}}],"collection":[{"href":"https:\/\/www.gerec.fi\/en\/wp-json\/wp\/v2\/posts"}],"about":[{"href":"https:\/\/www.gerec.fi\/en\/wp-json\/wp\/v2\/types\/post"}],"author":[{"embeddable":true,"href":"https:\/\/www.gerec.fi\/en\/wp-json\/wp\/v2\/users\/1"}],"replies":[{"embeddable":true,"href":"https:\/\/www.gerec.fi\/en\/wp-json\/wp\/v2\/comments?post=164"}],"version-history":[{"count":1,"href":"https:\/\/www.gerec.fi\/en\/wp-json\/wp\/v2\/posts\/164\/revisions"}],"predecessor-version":[{"id":5404,"href":"https:\/\/www.gerec.fi\/en\/wp-json\/wp\/v2\/posts\/164\/revisions\/5404"}],"wp:attachment":[{"href":"https:\/\/www.gerec.fi\/en\/wp-json\/wp\/v2\/media?parent=164"}],"wp:term":[{"taxonomy":"category","embeddable":true,"href":"https:\/\/www.gerec.fi\/en\/wp-json\/wp\/v2\/categories?post=164"},{"taxonomy":"post_tag","embeddable":true,"href":"https:\/\/www.gerec.fi\/en\/wp-json\/wp\/v2\/tags?post=164"}],"curies":[{"name":"wp","href":"https:\/\/api.w.org\/{rel}","templated":true}]}}