{"id":163,"date":"2018-12-11T20:13:43","date_gmt":"2018-12-11T20:13:43","guid":{"rendered":"https:\/\/gerec.fi\/2018\/12\/11\/tutkimusjulkaisu-ikaantyneiden-pitkaaikaishoidon-asukkaiden-ja-siella-toimivien-hoitajien-kasitykset-toimintakyvysta-eroavat-toisistaan\/"},"modified":"2019-02-21T16:39:50","modified_gmt":"2019-02-21T14:39:50","slug":"","status":"publish","type":"post","link":"https:\/\/www.gerec.fi\/en\/tutkimusjulkaisu-ikaantyneiden-pitkaaikaishoidon-asukkaiden-ja-siella-toimivien-hoitajien-kasitykset-toimintakyvysta-eroavat-toisistaan\/","title":{"rendered":"","raw":""},"content":{"rendered":"","protected":false,"raw":""},"excerpt":{"rendered":"Vastajulkaistun tutkimuksen tulokset osoittivat, ett\u00e4 ymp\u00e4rivuorokautisessa pitk\u00e4aikaishoidossa asuvat vanhat ihmiset ja siell\u00e4 toimivat hoitajat ymm\u00e4rt\u00e4v\u00e4t ik\u00e4\u00e4ntyneen ihmisen toimintakyvyn eri tavoin. Tutkimuksessa hoitajat kuvasivat toimintakyky\u00e4 ensisijaisesti muodollisten k\u00e4sitteiden kautta tai p\u00e4ivitt\u00e4isin\u00e4 toimintoina kuten sy\u00f6minen ja liikkuminen. Ik\u00e4\u00e4ntyneille ihmisille toimintakyky edusti monipuolisempaa&hellip;","protected":false,"raw":""},"author":1,"featured_media":0,"comment_status":"open","ping_status":"open","sticky":false,"template":"","format":"standard","meta":{"_mi_skip_tracking":false,"_fi_post_content":"<div id=\"articleHeader\"><\/div>                                                                                                                                                                                                                     <div id=\"parent-fieldname-description\">                   Vastajulkaistun tutkimuksen tulokset osoittivat, ett\u00e4 ymp\u00e4rivuorokautisessa pitk\u00e4aikaishoidossa asuvat vanhat ihmiset ja siell\u00e4 toimivat hoitajat ymm\u00e4rt\u00e4v\u00e4t ik\u00e4\u00e4ntyneen ihmisen toimintakyvyn eri tavoin.                  <\/div>                                                                                                                       <div id=\"content-core\">                                                             <div id=\"parent-fieldname-text\">            <p>Tutkimuksessa hoitajat kuvasivat toimintakyky\u00e4 ensisijaisesti muodollisten k\u00e4sitteiden kautta tai p\u00e4ivitt\u00e4isin\u00e4 toimintoina kuten sy\u00f6minen ja liikkuminen. Ik\u00e4\u00e4ntyneille ihmisille toimintakyky edusti monipuolisempaa kokonaisuutta, ja toimintakykyyn liitettiin p\u00e4ivitt\u00e4isten toimien ohella ihmiselle itselleen t\u00e4rkeit\u00e4 toimintoja kuten esimerkiksi lukeminen tai piirt\u00e4minen. Ik\u00e4\u00e4ntyneille pitk\u00e4aikaishoidon asukkaille menneisyydell\u00e4 oli t\u00e4rke\u00e4 merkitys nykyisen toimintakyvyn kuvaamisessa.\u00a0 He pyrkiv\u00e4t selviytym\u00e4\u00e4n heikentyneen toimintakykyns\u00e4 kanssa. Vaikka asukkaat kuvasivat itse\u00e4\u00e4n aktiivisina toimijoina, he my\u00f6s toisaalta ymm\u00e4rsiv\u00e4t olevansa toimintakyvyn suhteen avun tarvitsijoita, ja osa jopa koki olevansa taakka hoitajille.<\/p><p>-Ik\u00e4\u00e4ntyneen ihmisen toimintakyvyn yll\u00e4pit\u00e4minen on vanhojen ihmisten palveluiden keskeisimpi\u00e4 teht\u00e4vi\u00e4. Toimintakyvyst\u00e4 ja sen merkityksest\u00e4 puhutaan paljon, mutta aikaisemmin ei ole kuitenkaan ollut tutkimustietoa siit\u00e4, miten toimintakyky t\u00e4llaisessa toimintaymp\u00e4rist\u00f6ss\u00e4 k\u00e4yt\u00e4nn\u00f6ss\u00e4 ymm\u00e4rret\u00e4\u00e4n, kertoo v\u00e4it\u00f6skirjatutkija Vilhelmiina Lehto Tampereen yliopistosta.<\/p><p>-Toimintakyvyn yll\u00e4pit\u00e4misess\u00e4 pit\u00e4isi aina l\u00e4hte\u00e4 liikkeelle vanhan ihmisen omista toiveista ja tavoitteista. On t\u00e4rke\u00e4\u00e4 ymm\u00e4rt\u00e4\u00e4, ett\u00e4 vanhalle ihmiselle toimintakyky saattaa edustaa hyvin erilaista kokemusta, ja h\u00e4n saattaa arvottaa erilaisia asioita kuin h\u00e4nt\u00e4 hoitava ammattilainen. T\u00e4st\u00e4 syyst\u00e4 voi olla, ett\u00e4 toimintakyvyn yll\u00e4pit\u00e4miseen asetetut tavoitteet eiv\u00e4t aina toteudu. Erilaiset k\u00e4sitykset toimintakyvyst\u00e4 on t\u00e4rke\u00e4 tunnistaa, jotta tavoitteet voitaisiin muotoilla vanhojen ihmisten omista tarpeista ja toiveista l\u00e4hteviksi, Lehto korostaa.<\/p><p>Tutkimusta varten haastateltiin hoitajia ja ik\u00e4\u00e4ntyneit\u00e4 ihmisi\u00e4 yhteens\u00e4 kahdeksassa erilaisessa ymp\u00e4rivuorokautisen pitk\u00e4aikaishoidon yksik\u00f6ss\u00e4. Tutkimukseen osallistui yhteens\u00e4 24 hoitajaa ja 16 ik\u00e4\u00e4ntynytt\u00e4 pitk\u00e4aikaishoidon asukasta. Haastatteluilla ker\u00e4ttiin tietoa siit\u00e4, miten osallistujat ymm\u00e4rt\u00e4v\u00e4t ik\u00e4\u00e4ntyneen ihmisen toimintakyvyn, miten he sit\u00e4 kuvaavat ja mink\u00e4laisia asioita he siihen liitt\u00e4v\u00e4t. Tutkimus on osa laajempaa v\u00e4it\u00f6skirjatutkimusta, jossa selvitet\u00e4\u00e4n eroja ja yht\u00e4l\u00e4isyyksi\u00e4 siin\u00e4, miten toimintakyky ja kuntoutus ymm\u00e4rret\u00e4\u00e4n ik\u00e4\u00e4ntyneiden pitk\u00e4aikaishoidossa ja mit\u00e4 asioita niihin liitet\u00e4\u00e4n.<\/p><p>Tutkimus on julkaistu Journal of Aging Studies \u2013lehdess\u00e4:<\/p><p>Lehto, V., Jolanki, O., Valvanne, J., Seinel\u00e4, L., & Jylh\u00e4, M. (2017). Understanding functional ability: Perspectives of nurses and older people living in long-term care. Journal of Aging Studies, 43C, 15\u201322. <a href=\"https:\/\/doi.org\/10.1016\/j.jaging.2017.09.001\"  target=\"_blank\">https:\/\/doi.org\/10.1016\/j.jaging.2017.09.001<\/a><\/p><p>Lis\u00e4tietoja:<br \/>V\u00e4it\u00f6skirjatutkija, TtM Vilhelmiina Lehto, vilhelmiina.lehto@staff.uta.fi<\/p>        <\/div>                                                                                                                  ","_fi_post_name":"tutkimusjulkaisu-ikaantyneiden-pitkaaikaishoidon-asukkaiden-ja-siella-toimivien-hoitajien-kasitykset-toimintakyvysta-eroavat-toisistaan","_fi_post_excerpt":"","_fi_post_title":"Tutkimusjulkaisu: Ik\u00e4\u00e4ntyneiden pitk\u00e4aikaishoidon asukkaiden ja siell\u00e4 toimivien hoitajien k\u00e4sitykset toimintakyvyst\u00e4 eroavat toisistaan","_en_post_content":"","_en_post_name":"","_en_post_excerpt":"","_en_post_title":"","edit_language":"en","footnotes":""},"categories":[130,1],"tags":[],"class_list":["post-163","post","type-post","status-publish","format-standard","hentry","category-tiedeuutiset","category-yleinen","entry","no-media"],"_links":{"self":[{"href":"https:\/\/www.gerec.fi\/en\/wp-json\/wp\/v2\/posts\/163","targetHints":{"allow":["GET"]}}],"collection":[{"href":"https:\/\/www.gerec.fi\/en\/wp-json\/wp\/v2\/posts"}],"about":[{"href":"https:\/\/www.gerec.fi\/en\/wp-json\/wp\/v2\/types\/post"}],"author":[{"embeddable":true,"href":"https:\/\/www.gerec.fi\/en\/wp-json\/wp\/v2\/users\/1"}],"replies":[{"embeddable":true,"href":"https:\/\/www.gerec.fi\/en\/wp-json\/wp\/v2\/comments?post=163"}],"version-history":[{"count":1,"href":"https:\/\/www.gerec.fi\/en\/wp-json\/wp\/v2\/posts\/163\/revisions"}],"predecessor-version":[{"id":5403,"href":"https:\/\/www.gerec.fi\/en\/wp-json\/wp\/v2\/posts\/163\/revisions\/5403"}],"wp:attachment":[{"href":"https:\/\/www.gerec.fi\/en\/wp-json\/wp\/v2\/media?parent=163"}],"wp:term":[{"taxonomy":"category","embeddable":true,"href":"https:\/\/www.gerec.fi\/en\/wp-json\/wp\/v2\/categories?post=163"},{"taxonomy":"post_tag","embeddable":true,"href":"https:\/\/www.gerec.fi\/en\/wp-json\/wp\/v2\/tags?post=163"}],"curies":[{"name":"wp","href":"https:\/\/api.w.org\/{rel}","templated":true}]}}