{"id":156,"date":"2018-12-11T20:13:42","date_gmt":"2018-12-11T20:13:42","guid":{"rendered":"https:\/\/gerec.fi\/2018\/12\/11\/vaitos-1\/"},"modified":"2019-02-21T17:41:53","modified_gmt":"2019-02-21T15:41:53","slug":"","status":"publish","type":"post","link":"https:\/\/www.gerec.fi\/en\/vaitos-1\/","title":{"rendered":"","raw":""},"content":{"rendered":"","protected":false,"raw":""},"excerpt":{"rendered":"TtM Linda Enrothin gerontologian alaan kuuluvan v\u00e4it\u00f6skirja \u201dSocial inequality in the health of the oldest old : Socioeconomic differences in health, functioning, mortality and long-term care use in the population aged 90+ (Terveyden sosiaalinen eriarvoisuus hyvin vanhoilla : Sosioekonomiset erot&hellip;","protected":false,"raw":""},"author":1,"featured_media":0,"comment_status":"open","ping_status":"open","sticky":false,"template":"","format":"standard","meta":{"_mi_skip_tracking":false,"_fi_post_content":"<div id=\"articleHeader\"><\/div>                                                                                                                                                                                                                     <div id=\"parent-fieldname-description\">                   TtM Linda Enrothin gerontologian alaan kuuluvan v\u00e4it\u00f6skirja \u201dSocial inequality in the health of the oldest old : Socioeconomic differences in health, functioning, mortality and long-term care use in the population aged 90+ (Terveyden sosiaalinen eriarvoisuus hyvin vanhoilla : Sosioekonomiset erot terveydess\u00e4, toimintakyvyss\u00e4, kuolleisuudessa ja pitk\u00e4aikaishoidon k\u00e4yt\u00f6ss\u00e4 90+ -vuotiailla) tarkastettiin 1.12.2017 Tampereen yliopistossa.                 <\/div>                                                                                                                       <div id=\"content-core\">                                                             <div id=\"parent-fieldname-text\">            <p>Vastav\u00e4itt\u00e4j\u00e4n\u00e4 toimi professori Johan Fritzell (Karoliininen instituutti ja Tukholman yliopisto, Ruotsi) ja kustoksena professori Marja Jylh\u00e4 (Tampereen yliopisto).<\/p><p>V\u00e4it\u00f6skirjatutkimuksessa havaittiin sosioekonomisia eroja terveydess\u00e4, toimintakyvyss\u00e4, kuolleisuudessa sek\u00e4 pitk\u00e4aikaishoidon k\u00e4yt\u00f6ss\u00e4 90-vuotiailla tamperelaisilla. Sosioekonomisen aseman osoittimina olivat ammattiasemaan perustuva luokka sek\u00e4 koulutustaso.<\/p><p>Useilla terveyden, toimintakyvyn ja kuolleisuuden indikaattoreilla tarkasteltuna erot sosioekonomisten ryhmien v\u00e4lill\u00e4 olivat sosiaalisen gradientin mukaisia. Terveyden sosiaalinen gradientti tarkoittaa sit\u00e4, mit\u00e4 korkeampi sosiaalinen asema on, sit\u00e4 parempi on terveys. Terveyserot eiv\u00e4t siis ilmene vain \u00e4\u00e4rip\u00e4iden eli hyv\u00e4 ja huono-osaisten v\u00e4lill\u00e4 vaan ne l\u00e4pileikkaavat koko yhteiskunnan. Terveyseroja havaittiin sek\u00e4 miehill\u00e4 ett\u00e4 naisilla molemmilla sosioekonomisen aseman osoittimilla tarkasteltuna, vaikka erojen voimakkuus vaihteli. Ymp\u00e4rivuorokautisen pitk\u00e4aikaishoidon k\u00e4yt\u00f6ss\u00e4 erot ammattiryhmien v\u00e4lill\u00e4 olivat melko pieni\u00e4. Tutkimuksessa havaittiin kuitenkin viitteit\u00e4 siit\u00e4, ett\u00e4 ylimm\u00e4n ammattiryhm\u00e4n henkil\u00f6t k\u00e4yttiv\u00e4t muita ammattiryhmi\u00e4 useammin yksityisesti tuotettuja pitk\u00e4aikaishoidonpalveluja ja toisaalta muut ryhm\u00e4t k\u00e4yttiv\u00e4t enemm\u00e4n julkisesti tuotettuja pitk\u00e4aikaishoidonpalveluja kuin ylimm\u00e4n ammattiryhm\u00e4n henkil\u00f6t.<\/p><p>Sosioekonomiset terveyserot ovat syv\u00e4\u00e4n juurtuneet, sill\u00e4 tutkimuksessa niit\u00e4 havaittiin useilla eri terveyden indikaattoreilla v\u00e4est\u00f6ss\u00e4, joka on el\u00e4nyt yli keskim\u00e4\u00e4r\u00e4isen elinajanodotteen ja on siten valikoitunut joukko. Erot elinolosuhteissa ja ty\u00f6el\u00e4m\u00e4ss\u00e4 niin sosiaalisessa kuin materiaalisessa ymp\u00e4rist\u00f6ss\u00e4 vaikuttavat terveyseroihin l\u00e4pi el\u00e4m\u00e4n. Hyvin vanhojen sosioekonomisten terveyserojen kaventamisen tulisi siksi kohdistua yleisesti sosiaalisen eriarvoisuuden v\u00e4hent\u00e4miseen kaikissa ik\u00e4vaiheissa. Koska sosioekonomisia terveyseroja on my\u00f6s hyvin vanhoilla, sosiaali- ja terveyspalvelut tulisi j\u00e4rjest\u00e4\u00e4 siten, ett\u00e4 kaikkien sosiaaliryhmien tarpeisiin pystyt\u00e4\u00e4n vastaamaan resurssien ep\u00e4tasaisesta jakautumisesta huolimatta.<\/p><p>V\u00e4it\u00f6skirjatutkimuksen aineistona oli Tervaskannot 90+ -tutkimus, jonka kohdev\u00e4est\u00f6\u00f6n kuuluvat kaikki 90-vuotiaat ja sit\u00e4 vanhemmat tamperelaiset. Tutkimuksessa k\u00e4ytettiin postikyselyn\u00e4 ker\u00e4ttyj\u00e4 poikkileikkausaineistoja vuosilta 2001, 2003, 2007 ja 2010 (n=2,862, vastausprosentti 80) sek\u00e4 terveystarkastusaineistoa vuodelta 2000 (n=262, vastausprosentti 61). Tiedot kuolleisuudesta ja pitk\u00e4aikaishoidon k\u00e4yt\u00f6st\u00e4 poimittiin seurantatutkimuksiin Tilastokeskuksen rekistereist\u00e4 sek\u00e4 sosiaali- ja terveydenhuollon hoitoilmoitusrekistereist\u00e4. Kiit\u00e4n Tampereen kaupungin ik\u00e4ihmisten palvelujen vastuuhenkil\u00f6it\u00e4, kaikkia palvelujen tarjoajia sek\u00e4 ik\u00e4ihmisten kanssa ty\u00f6skentelevi\u00e4 merkitt\u00e4v\u00e4st\u00e4 avusta Tervaskannot 90+ tutkimuksen aineistonkeruussa.<\/p><p>Enrothin v\u00e4it\u00f6skirja ilmestyy sarjassa Acta Universitatis Tamperensis; 2335, Tampere University Press, Tampere 2017. V\u00e4it\u00f6skirja ilmestyy my\u00f6s s\u00e4hk\u00f6isen\u00e4 sarjassa <a href=\"http:\/\/urn.fi\/URN:ISBN:978-952-03-0599-4\"  target=\"_blank\">Acta Electronica Universitatis Tamperensis; 1840<\/a>, Tampere University Press 2017.<\/p><p>Lis\u00e4tietoja: Linda Enroth, puhelin: 040\u00a0190 1647, s\u00e4hk\u00f6postiosoite: <a title=\"Follow link\" href=\"mailto:\/\/linda.enroth@uta.fi\"  target=\"_blank\">linda.enroth@uta.fi<\/a><\/p>        <\/div>                                                                                                                  ","_fi_post_name":"vaitos-1","_fi_post_excerpt":"","_fi_post_title":"V\u00e4it\u00f6s: 1.12.2017 Sosioekonominen asema m\u00e4\u00e4ritt\u00e4\u00e4 terveytt\u00e4 my\u00f6s hyvin vanhoilla","_en_post_content":"","_en_post_name":"","_en_post_excerpt":"","_en_post_title":"","edit_language":"en","footnotes":""},"categories":[130,1],"tags":[],"class_list":["post-156","post","type-post","status-publish","format-standard","hentry","category-tiedeuutiset","category-yleinen","entry","no-media"],"_links":{"self":[{"href":"https:\/\/www.gerec.fi\/en\/wp-json\/wp\/v2\/posts\/156","targetHints":{"allow":["GET"]}}],"collection":[{"href":"https:\/\/www.gerec.fi\/en\/wp-json\/wp\/v2\/posts"}],"about":[{"href":"https:\/\/www.gerec.fi\/en\/wp-json\/wp\/v2\/types\/post"}],"author":[{"embeddable":true,"href":"https:\/\/www.gerec.fi\/en\/wp-json\/wp\/v2\/users\/1"}],"replies":[{"embeddable":true,"href":"https:\/\/www.gerec.fi\/en\/wp-json\/wp\/v2\/comments?post=156"}],"version-history":[{"count":1,"href":"https:\/\/www.gerec.fi\/en\/wp-json\/wp\/v2\/posts\/156\/revisions"}],"predecessor-version":[{"id":5328,"href":"https:\/\/www.gerec.fi\/en\/wp-json\/wp\/v2\/posts\/156\/revisions\/5328"}],"wp:attachment":[{"href":"https:\/\/www.gerec.fi\/en\/wp-json\/wp\/v2\/media?parent=156"}],"wp:term":[{"taxonomy":"category","embeddable":true,"href":"https:\/\/www.gerec.fi\/en\/wp-json\/wp\/v2\/categories?post=156"},{"taxonomy":"post_tag","embeddable":true,"href":"https:\/\/www.gerec.fi\/en\/wp-json\/wp\/v2\/tags?post=156"}],"curies":[{"name":"wp","href":"https:\/\/api.w.org\/{rel}","templated":true}]}}