{"id":155,"date":"2018-12-11T20:13:42","date_gmt":"2018-12-11T20:13:42","guid":{"rendered":"https:\/\/gerec.fi\/2018\/12\/11\/tutkimusjulkaisu-suurin-osa-ikaantyneista-asuu-kotona-hyvin-lahelle-kuolemaa\/"},"modified":"2019-02-21T16:39:50","modified_gmt":"2019-02-21T14:39:50","slug":"","status":"publish","type":"post","link":"https:\/\/www.gerec.fi\/en\/tutkimusjulkaisu-suurin-osa-ikaantyneista-asuu-kotona-hyvin-lahelle-kuolemaa\/","title":{"rendered":"","raw":""},"content":{"rendered":"","protected":false,"raw":""},"excerpt":{"rendered":"Suurin osa suomalaisista ik\u00e4\u00e4ntyneist\u00e4 asuu kotona hyvin l\u00e4helle kuolemaa. Yleistynyt pitk\u00e4ik\u00e4isyys saattaa kuitenkin johtaa aiempaa suurempaan pitk\u00e4aikaishoidon k\u00e4ytt\u00f6\u00f6n el\u00e4m\u00e4n viimeisin\u00e4 vuosina. T\u00e4m\u00e4 k\u00e4y ilmi Tampereen yliopiston yhteiskuntatieteellisess\u00e4 tiedekunnassa ja Gerontologian tutkimuskeskuksessa tehdyst\u00e4 tutkimuksesta, jossa selvitettiin kaikkien vuosina 1998 ja 2013&hellip;","protected":false,"raw":""},"author":1,"featured_media":0,"comment_status":"open","ping_status":"open","sticky":false,"template":"","format":"standard","meta":{"_mi_skip_tracking":false,"_fi_post_content":"<div id=\"articleHeader\"><\/div>                                                                                                                                                                                                                     <div id=\"parent-fieldname-description\">                   Suurin osa suomalaisista ik\u00e4\u00e4ntyneist\u00e4 asuu kotona hyvin l\u00e4helle kuolemaa. Yleistynyt pitk\u00e4ik\u00e4isyys saattaa kuitenkin johtaa aiempaa suurempaan pitk\u00e4aikaishoidon k\u00e4ytt\u00f6\u00f6n el\u00e4m\u00e4n viimeisin\u00e4 vuosina.                 <\/div>                                                                                                                       <div id=\"content-core\">                                                             <div id=\"parent-fieldname-text\">            <p>T\u00e4m\u00e4 k\u00e4y ilmi Tampereen yliopiston yhteiskuntatieteellisess\u00e4 tiedekunnassa ja Gerontologian tutkimuskeskuksessa tehdyst\u00e4 tutkimuksesta, jossa selvitettiin kaikkien vuosina 1998 ja 2013 v\u00e4hint\u00e4\u00e4n 70-vuotiaana kuolleiden sosiaali- ja terveyspalvelujen k\u00e4ytt\u00f6\u00e4 sek\u00e4 kotona asumista kahden viimeisen elinvuoden aikana.<\/p><p>Tutkimuksessa rakennettiin palvelujen k\u00e4yt\u00f6n profiileja kahdelle viimeiselle elinvuodelle eri sosiaali- ja terveysalan hoitopaikoissa vietettyjen p\u00e4ivien perusteella. Tutkittavat palvelut olivat terveyskeskushoito, erikoissairaanhoito, vanhainkotihoito ja tehostettu palveluasuminen.<\/p><p>Yleisint\u00e4 oli, ett\u00e4 ihmiset asuivat kahden viimeisen vuoden aikana suurimmaksi osaksi kotona ja siirtyiv\u00e4t ymp\u00e4rivuorokautiseen hoitoon vasta viimeisien elinkuukausien aikana. Hoidossa he viettiv\u00e4t kahdesta viimeisest\u00e4 elinvuodestaan hoidossa keskim\u00e4\u00e4rin alle kolme kuukautta. T\u00e4h\u00e4n profiiliin kuului noin 60 prosenttia kaikista v\u00e4hint\u00e4\u00e4n 70-vuotiaana kuolleista. Lis\u00e4ksi noin 8 prosenttia oli hoidossa keskim\u00e4\u00e4rin alle kaksi viikkoa. N\u00e4ihin kahteen suurimmaksi osaksi kotona asuvien profiiliin kuului yhteens\u00e4 l\u00e4hes 70 prosenttia kaikista v\u00e4hint\u00e4\u00e4n 70-vuotiaana kuolleista.<\/p><p>Vuosien 1998 ja 2013 v\u00e4lill\u00e4 kuolinik\u00e4 nousi samoin kuin dementiaa sairastaneiden m\u00e4\u00e4r\u00e4 ja osuus kaikista v\u00e4hint\u00e4\u00e4n 70-vuotiaana kuolleista. Kymmenen suuren sairausryhm\u00e4n mukaan mitattuna ihmisten diagnoosien m\u00e4\u00e4r\u00e4 kasvoi.<\/p><p>Vuosien 1998 ja 2013 v\u00e4lill\u00e4 yleistyiv\u00e4t ne hoitoprofiilit, joissa ihmiset viettiv\u00e4t suurimman osan kahdesta viimeisest\u00e4 elinvuodestaan hoidossa. Toisin sanoen kotona asutut p\u00e4iv\u00e4t kahden viimeisen elinvuoden aikana keskim\u00e4\u00e4rin v\u00e4heniv\u00e4t. Kaikissa muissa hoitopaikoissa paitsi tehostetussa palveluasumisessa asutut p\u00e4iv\u00e4t v\u00e4heniv\u00e4t. Ihmisten hoito oli siis siirtynyt perinteisest\u00e4 pitk\u00e4aikaisesta laitoshoidosta ja sairaalahoidosta tehostettuun palveluasumiseen. Vuosien v\u00e4lill\u00e4 kodin ja hoitopaikkojen tai eri hoitopaikkojen v\u00e4liset siirtym\u00e4t yleistyiv\u00e4t hieman.<\/p><p>- Julkisessa keskustelussa puhutaan paljon siit\u00e4, miten ihmiset haluavat ja ihmisten pit\u00e4isi asua kotonaan niin pitk\u00e4\u00e4n kuin mahdollista. T\u00e4m\u00e4n tutkimuksen tulosten mukaan suurin osa i\u00e4kk\u00e4ist\u00e4 ihmisist\u00e4 jo asuu kotonaan hyvin l\u00e4helle kuolemaa, toteaa tutkija\u00a0<b>Mari Aaltonen<\/b>.<\/p><p>- Kuitenkin t\u00e4ytyy muistaa, ett\u00e4 dementia on suuri hoidontarvetta lis\u00e4\u00e4v\u00e4 oireyhtym\u00e4, jonka yleisyys kasvaa huomattavasti, kun elet\u00e4\u00e4n hyvin korkeaan ik\u00e4\u00e4n. Siten niiden ihmisten m\u00e4\u00e4r\u00e4, jotka tarvitsevat enemm\u00e4n ymp\u00e4rivuorokautista hoitoa el\u00e4m\u00e4n lopussa on kasvanut, ja tulee todenn\u00e4k\u00f6isesti viel\u00e4 kasvamaan, Aaltonen sanoo.<\/p><p>Tutkimus on osa Yleistyv\u00e4 pitk\u00e4ik\u00e4isyys ja muuttuvat palvelutarpeet -tutkimushanketta (COCTEL). Sen aineistona k\u00e4ytet\u00e4\u00e4n Tilastokeskuksen ja Terveyden ja hyvinvoinnin laitoksen rekisteritietoja, jotka on yhdistetty Tilastokeskuksessa henkil\u00f6tunnusten avulla. Rekisteriaineisto mahdollistaa kaikkien tiettyin\u00e4 vuosina kuolleiden ihmisten ymp\u00e4rivuorokautisessa hoidossa vietettyjen p\u00e4ivien seurannan.<\/p><p>Alkuper\u00e4inen julkaisu<br \/><em>Aaltonen M, Forma L, Pulkki J, Raitanen J, Rissanen P, Jylh\u00e4 M. Changes in older people\u2019s care profiles during the last 2 years of life, 1996\u20131998 and 2011\u20132013: a retrospective nationwide study in Finland. BMJ Open 2017;7:e015130. doi:10.1136\/bmjopen-2016-015130<\/em><\/p><p>Lis\u00e4tietoja:<br \/>Tutkijatohtori Mari Aaltonen, 040 190 1674,\u00a0<a href=\"mailto:\/\/mari.s.aaltonen@uta.fi\"  target=\"_blank\">mari.s.aaltonen@uta.fi<\/a><\/p><p>TAMPEREEN YLIOPISTON TIEDOTE 11.12.2017<\/p><p>Tampereen yliopiston viestint\u00e4palvelut<br \/>050 318 6613,\u00a0<a href=\"mailto:\/\/viestinta@uta.fi\"  target=\"_blank\">viestinta@uta.fi<\/a><br \/>33014 TAMPEREEN YLIOPISTO<br \/><a href=\"http:\/\/www.uta.fi\/\"  target=\"_blank\">www.uta.fi<\/a><\/p>        <\/div>                                                                                                                  ","_fi_post_name":"tutkimusjulkaisu-suurin-osa-ikaantyneista-asuu-kotona-hyvin-lahelle-kuolemaa","_fi_post_excerpt":"","_fi_post_title":"Tutkimusjulkaisu: Suurin osa ik\u00e4\u00e4ntyneist\u00e4 asuu kotona hyvin l\u00e4helle kuolemaa","_en_post_content":"","_en_post_name":"","_en_post_excerpt":"","_en_post_title":"","edit_language":"en","footnotes":""},"categories":[130,1],"tags":[],"class_list":["post-155","post","type-post","status-publish","format-standard","hentry","category-tiedeuutiset","category-yleinen","entry","no-media"],"_links":{"self":[{"href":"https:\/\/www.gerec.fi\/en\/wp-json\/wp\/v2\/posts\/155","targetHints":{"allow":["GET"]}}],"collection":[{"href":"https:\/\/www.gerec.fi\/en\/wp-json\/wp\/v2\/posts"}],"about":[{"href":"https:\/\/www.gerec.fi\/en\/wp-json\/wp\/v2\/types\/post"}],"author":[{"embeddable":true,"href":"https:\/\/www.gerec.fi\/en\/wp-json\/wp\/v2\/users\/1"}],"replies":[{"embeddable":true,"href":"https:\/\/www.gerec.fi\/en\/wp-json\/wp\/v2\/comments?post=155"}],"version-history":[{"count":1,"href":"https:\/\/www.gerec.fi\/en\/wp-json\/wp\/v2\/posts\/155\/revisions"}],"predecessor-version":[{"id":5327,"href":"https:\/\/www.gerec.fi\/en\/wp-json\/wp\/v2\/posts\/155\/revisions\/5327"}],"wp:attachment":[{"href":"https:\/\/www.gerec.fi\/en\/wp-json\/wp\/v2\/media?parent=155"}],"wp:term":[{"taxonomy":"category","embeddable":true,"href":"https:\/\/www.gerec.fi\/en\/wp-json\/wp\/v2\/categories?post=155"},{"taxonomy":"post_tag","embeddable":true,"href":"https:\/\/www.gerec.fi\/en\/wp-json\/wp\/v2\/tags?post=155"}],"curies":[{"name":"wp","href":"https:\/\/api.w.org\/{rel}","templated":true}]}}