{"id":153,"date":"2018-12-11T20:13:42","date_gmt":"2018-12-11T20:13:42","guid":{"rendered":"https:\/\/gerec.fi\/2018\/12\/11\/tutkimusjulkaisu-vanhuuden-aktiivisuutta-arvioiva-uusi-mittari-julkaistu\/"},"modified":"2019-02-21T16:39:50","modified_gmt":"2019-02-21T14:39:50","slug":"","status":"publish","type":"post","link":"https:\/\/www.gerec.fi\/en\/tutkimusjulkaisu-vanhuuden-aktiivisuutta-arvioiva-uusi-mittari-julkaistu\/","title":{"rendered":"","raw":""},"content":{"rendered":"","protected":false,"raw":""},"excerpt":{"rendered":"Jyv\u00e4skyl\u00e4n yliopistossa on kehitetty mittari, jolla voi arvioida i\u00e4kk\u00e4iden ihmisten aktiivisuutta. Aktiivisuus tarkoittaa oma-aloitteisuutta ja sit\u00e4, ett\u00e4 itse tekee jotain t\u00e4rkein\u00e4 pit\u00e4miens\u00e4 asioiden eteen. Mittari koostuu sarjasta kysymyksi\u00e4, jotka voi esitt\u00e4\u00e4 haastatellen tai kyselylomakkeella. Vastausten perusteella lasketaan aktiivisuutta kuvaava pistem\u00e4\u00e4r\u00e4.-&hellip;","protected":false,"raw":""},"author":1,"featured_media":0,"comment_status":"open","ping_status":"open","sticky":false,"template":"","format":"standard","meta":{"_mi_skip_tracking":false,"_fi_post_content":"<div id=\"articleHeader\"><\/div>                                                                                                                                                                                                                     <div id=\"parent-fieldname-description\">                   Jyv\u00e4skyl\u00e4n yliopistossa on kehitetty mittari, jolla voi arvioida i\u00e4kk\u00e4iden ihmisten aktiivisuutta. Aktiivisuus tarkoittaa oma-aloitteisuutta ja sit\u00e4, ett\u00e4 itse tekee jotain t\u00e4rkein\u00e4 pit\u00e4miens\u00e4 asioiden eteen.                 <\/div>                                                                                                                       <div id=\"content-core\">                                                             <div id=\"parent-fieldname-text\">            <p>Mittari koostuu sarjasta kysymyksi\u00e4, jotka voi esitt\u00e4\u00e4 haastatellen tai kyselylomakkeella. Vastausten perusteella lasketaan aktiivisuutta kuvaava pistem\u00e4\u00e4r\u00e4.<\/p><p>- Mittarin avulla voimme tuottaa uutta tietoa siit\u00e4, kuinka i\u00e4kk\u00e4\u00e4t ihmiset itse pyrkiv\u00e4t edist\u00e4m\u00e4\u00e4n hyvinvointiaan omien tavoitteidensa mukaisesti, omien kykyjens\u00e4 ja mahdollisuuksiensa puitteissa. I\u00e4kk\u00e4iden ihmisten hyvinvointia on usein tutkittu ik\u00e4\u00e4n kuin se olisi ainoastaan riippuvainen ulkoisista olosuhteista. Uusi mittarimme avaa toisenlaisen n\u00e4k\u00f6kulman vanhuuden tutkimukseen, koska se ottaa huomioon ihmisten oman pyrkimyksen hyvinvointinsa edist\u00e4miseen, professori <b>Taina Rantanen<\/b> kertoo.<\/p><p>Mittarin kehitt\u00e4minen kesti vuoden ja toteutettiin Euroopan tutkimusneuvoston rahoittamassa hankkeessa, jonka aiheena on aktiivisena vanheneminen. Professori Rantaselle vuonna 2016 my\u00f6nnetty poikkeuksellisen ansioituneille tutkijoille suunnattu yli kahden miljoonan euron rahoitus oli ensimm\u00e4inen laatuaan Jyv\u00e4skyl\u00e4n yliopistossa. Mittarin kehitt\u00e4minen oli AGNES-tutkimuksen ensimm\u00e4inen vaihe ja siihen osallistui yhteens\u00e4 235 60-94-vuotiasta henkil\u00f6\u00e4.<\/p><p>- Mittarin kehitt\u00e4misen kaikissa vaiheissa kysyimme i\u00e4kk\u00e4ilt\u00e4 ihmisilt\u00e4 palautetta. Pidimme t\u00e4rke\u00e4n\u00e4 selvitt\u00e4\u00e4 etenkin sit\u00e4, onko heid\u00e4n mielest\u00e4\u00e4n mittarissa mukana oleelliset asiat.\u00a0 Miten edes voi pyrki\u00e4 edist\u00e4m\u00e4\u00e4n hyvinvointia, jollei tutkimuksen osallistujien mielipide asiasta ole tiedossa, Rantanen miettii.<\/p><p>- Aktiivisuus on yksil\u00f6llist\u00e4. Se pohjautuu kunkin omiin tavoitteisiin ja omaan maailmankatsomukseen.\u00a0 Yksi on kiinnostunut luonnossa liikkumisesta, toinen pit\u00e4\u00e4 kodin viihtyisyyden edist\u00e4mist\u00e4 t\u00e4rke\u00e4n\u00e4 ja kolmas ottaa vastuuta yhteisten asioiden edist\u00e4misest\u00e4 esimerkiksi j\u00e4rjest\u00f6iss\u00e4 ja nelj\u00e4s on keskittynyt nikkarointiin tai k\u00e4sit\u00f6ihin. Liikunta on t\u00e4rke\u00e4 aktiivisuuden muoto mutta ei ainoa. Nykyk\u00e4sityksen mukaan kaikenlainen mieluisa ja my\u00f6nteinen aktiivisuus on mielialalle ja hyvinvoinnille edullista, Rantanen selvent\u00e4\u00e4 mittarin rakentamisen taustaa.<\/p><p>Mittarin tarkoitus on, ett\u00e4 aktiivisuudeltaan erilaiset ihmiset saisivat my\u00f6s erilaisia tuloksia. Osioanalyysien perusteella t\u00e4m\u00e4 toteutuu nyt valmistuneessa mittarissa hyvin. Lis\u00e4ksi analyysit osoittivat, ett\u00e4 mittari tuottaa luotettavia tuloksia ja mittaa sit\u00e4 mit\u00e4 oli tarkoituskin eli i\u00e4kk\u00e4iden ihmisten aktiivisuutta keskeisill\u00e4 el\u00e4m\u00e4naloilla.<\/p><p>Parhaillaan k\u00e4ynniss\u00e4 olevassa AGNES-tutkimuksen toisessa vaiheessa selvitet\u00e4\u00e4n, mitk\u00e4 asiat ovat yhteydess\u00e4 aktiivisuuteen ja mit\u00e4 seurauksia aktiivisuudella on. T\u00e4h\u00e4n asti saadut tulokset viittaavat siihen, ett\u00e4 korkeampi aktiivisuus on hyvinvoinnille suotuisampaa kuin v\u00e4h\u00e4inen aktiivisuus.<\/p><p>-Jatkossa haluamme kuitenkin tarkastella asiaa yksityiskohtaisemmin ottaen huomioon esimerkiksi henkil\u00f6n toimintakyky, h\u00e4nen asuinymp\u00e4rist\u00f6ns\u00e4 ja sosiaalisen ymp\u00e4rist\u00f6ns\u00e4 piirteet sek\u00e4 kunkin yksil\u00f6lliset ominaisuudet. Tavoitteena on tutkia 1000 henkil\u00f6\u00e4, jotka ovat i\u00e4lt\u00e4\u00e4n 75, 80 tai 85 vuotta, Rantanen kertoo.<\/p><p>- Mittarihankkeeseen osallistuneiden 235 henkil\u00f6n lis\u00e4ksi olemme tutkineet jo l\u00e4hes 200 75-vuotiasta jyv\u00e4skyl\u00e4l\u00e4ist\u00e4 henkil\u00f6\u00e4. Seuraavaksi kutsumme tutkimukseen 80-vuotiaita henkil\u00f6it\u00e4 Jyv\u00e4skyl\u00e4n alueelta. K\u00e4ynniss\u00e4 olevaan tutkimukseen kuuluu haastattelu, joka tehd\u00e4\u00e4n kunkin kotona sek\u00e4 toimintakykylaboratoriossa teht\u00e4v\u00e4 tutkimus.<\/p><p>-Toivon, ett\u00e4 tutkimuskutsun saaneet henkil\u00f6t suhtautuvat asiaamme my\u00f6nteisesti ja osallistuvat tutkimukseen. Osallistumalla tutkimukseen voi auttaa meit\u00e4 saamaan uutta p\u00e4tev\u00e4\u00e4 tietoa ik\u00e4\u00e4ntymisest\u00e4. Muulla tavoin p\u00e4tev\u00e4\u00e4 tietoa siit\u00e4 ei saakaan kuin suoraan i\u00e4kk\u00e4ilt\u00e4 ihmisilt\u00e4 itselt\u00e4\u00e4n.<\/p><p>Lis\u00e4tietoja:<\/p><p>Taina Rantanen, Gerontologian tutkimuskeskus, Jyv\u00e4skyl\u00e4n yliopisto, \u00a0puhelin \u00a0040-8053590, <a href=\"mailto:\/\/taina.rantanen@jyu.fi\"  target=\"_blank\">taina.rantanen@jyu.fi<\/a><\/p><p>L\u00e4hde:\u00a0 Rantanen T, Portegijs E, Kokko K, Rantakokko M, T\u00f6rm\u00e4kangas T, Saajanaho M. Developing an Assessment Method of Active Aging: University of Jyv\u00e4skyl\u00e4 Active Aging Scale. Journal of Aging and Health 2018. DOI: 10.1177\/0898264317750449<\/p><p><a href=\"http:\/\/www.gerec.fi\/tutkimus\/terveys-toimintakyky\/agnes\/agnes-tutkii-aktiivista-ikaantymista\"  target=\"_blank\">AGNES-tutkimuksen sivut<\/a><\/p>        <\/div>                                                                                                                  ","_fi_post_name":"tutkimusjulkaisu-vanhuuden-aktiivisuutta-arvioiva-uusi-mittari-julkaistu","_fi_post_excerpt":"","_fi_post_title":"Tutkimusjulkaisu: Vanhuuden aktiivisuutta arvioiva uusi mittari julkaistu","_en_post_content":"","_en_post_name":"","_en_post_excerpt":"","_en_post_title":"","edit_language":"en","footnotes":""},"categories":[130,1],"tags":[],"class_list":["post-153","post","type-post","status-publish","format-standard","hentry","category-tiedeuutiset","category-yleinen","entry","no-media"],"_links":{"self":[{"href":"https:\/\/www.gerec.fi\/en\/wp-json\/wp\/v2\/posts\/153","targetHints":{"allow":["GET"]}}],"collection":[{"href":"https:\/\/www.gerec.fi\/en\/wp-json\/wp\/v2\/posts"}],"about":[{"href":"https:\/\/www.gerec.fi\/en\/wp-json\/wp\/v2\/types\/post"}],"author":[{"embeddable":true,"href":"https:\/\/www.gerec.fi\/en\/wp-json\/wp\/v2\/users\/1"}],"replies":[{"embeddable":true,"href":"https:\/\/www.gerec.fi\/en\/wp-json\/wp\/v2\/comments?post=153"}],"version-history":[{"count":1,"href":"https:\/\/www.gerec.fi\/en\/wp-json\/wp\/v2\/posts\/153\/revisions"}],"predecessor-version":[{"id":5325,"href":"https:\/\/www.gerec.fi\/en\/wp-json\/wp\/v2\/posts\/153\/revisions\/5325"}],"wp:attachment":[{"href":"https:\/\/www.gerec.fi\/en\/wp-json\/wp\/v2\/media?parent=153"}],"wp:term":[{"taxonomy":"category","embeddable":true,"href":"https:\/\/www.gerec.fi\/en\/wp-json\/wp\/v2\/categories?post=153"},{"taxonomy":"post_tag","embeddable":true,"href":"https:\/\/www.gerec.fi\/en\/wp-json\/wp\/v2\/tags?post=153"}],"curies":[{"name":"wp","href":"https:\/\/api.w.org\/{rel}","templated":true}]}}