{"id":150,"date":"2018-12-11T20:13:42","date_gmt":"2018-12-11T20:13:42","guid":{"rendered":"https:\/\/gerec.fi\/2018\/12\/11\/vaitos-16\/"},"modified":"2019-02-21T17:41:52","modified_gmt":"2019-02-21T15:41:52","slug":"","status":"publish","type":"post","link":"https:\/\/www.gerec.fi\/en\/vaitos-16\/","title":{"rendered":"","raw":""},"content":{"rendered":"","protected":false,"raw":""},"excerpt":{"rendered":"FM Reeta Kankaan gerontologian ja kansanterveyden v\u00e4it\u00f6skirja \u201dAging and microRNA messaging: Associations with systemic estrogen levels and physical performance\u201d tarkastettiin 16.2.2018 Jyv\u00e4skyl\u00e4n yliopistossa. Perim\u00e4n ja ymp\u00e4rist\u00f6tekij\u00f6iden lis\u00e4ksi geenien toimintaa ohjaavat monet pienmolekyylit kuten mikroRNAt. Verest\u00e4 mitatut mikroRNAt kertovat elimist\u00f6n eri&hellip;","protected":false,"raw":""},"author":1,"featured_media":0,"comment_status":"open","ping_status":"open","sticky":false,"template":"","format":"standard","meta":{"_mi_skip_tracking":false,"_fi_post_content":"<div id=\"articleHeader\"><\/div>                                                                                                                                                                                                                     <div id=\"parent-fieldname-description\">                   FM Reeta Kankaan gerontologian ja kansanterveyden v\u00e4it\u00f6skirja \u201dAging and microRNA messaging: Associations with systemic estrogen levels and physical performance\u201d tarkastettiin 16.2.2018 Jyv\u00e4skyl\u00e4n yliopistossa.                 <\/div>                                                                                                                       <div id=\"content-core\">                                                             <div id=\"parent-fieldname-text\">            <p>Perim\u00e4n ja ymp\u00e4rist\u00f6tekij\u00f6iden lis\u00e4ksi geenien toimintaa ohjaavat  monet pienmolekyylit kuten mikroRNAt. Verest\u00e4 mitatut mikroRNAt kertovat  elimist\u00f6n eri kudoksissa tapahtuneesta geenien s\u00e4\u00e4telyst\u00e4 ja sen  muutoksista. MikroRNAt reagoivat fysiologisiin ja patologisiin  kuormituksiin ja v\u00e4litt\u00e4v\u00e4t viestej\u00e4 kudosten v\u00e4lill\u00e4.<\/p><p>Kangas mittasi tutkimuksessaan eri-ik\u00e4isten terveiden naisten ja  miesten veren mikroRNA-tasoja. Kangas selvitti niiden yhteyksi\u00e4 ik\u00e4\u00e4n,  hormonikorvaushoidon k\u00e4ytt\u00f6\u00f6n, suorituskykyyn ja terveydentilaan.  Terveydentilan indikaattoreina k\u00e4ytettiin tulehdustekij\u00f6it\u00e4, rasva- ja  sokeriarvoja sek\u00e4 kehonkoostumusta.<\/p><p><b>Eri-ik\u00e4isten mikroRNA-tasot poikkeavat toisistaan<\/b><\/p><p>Kangas osoitti, ett\u00e4 eri-ik\u00e4isten tutkittavien veren  mikroRNA-tasoissa on eroja. Lis\u00e4ksi ne olivat yhteydess\u00e4 veren  naissukupuolihormoni estradiolin pitoisuuteen, kehonkoostumukseen ja  muihin terveysindikaattoreihin. Ik\u00e4\u00e4ntyvill\u00e4 miesurheilijoilla  havaittiin mikroRNA-tasojen olevan yhteydess\u00e4 nopeus- ja  voimaominaisuuksiin.<\/p><p>-Ik\u00e4\u00e4ntymist\u00e4 siivitt\u00e4v\u00e4t aineenvaihdunnalliset muutokset, jotka  johtuvat osin fyysisen aktiivisuuden laskusta sek\u00e4 erityisesti naisilla  my\u00f6s hormonaalisista seikoista. Miehill\u00e4 muutokset ovat tasaisempia,  mutta naisilla ne kulminoituvat vaihdevuosiin, mink\u00e4 vuoksi t\u00e4t\u00e4  ajanjaksoa on t\u00e4rke\u00e4\u00e4 tutkia, Kangas toteaa.<\/p><p><b>Pienmolekyyleiss\u00e4 on potentiaalia tulevaisuuden diagnostiikkaan<\/b><\/p><p>Kangas k\u00e4ytti tutkimuksessaan perinteisi\u00e4 mittausmenetelmi\u00e4, mutta  p\u00e4\u00e4si my\u00f6s kehitt\u00e4m\u00e4\u00e4n uutta n\u00e4ytteiden k\u00e4sittely- ja  analyysimenetelm\u00e4\u00e4. Menetelm\u00e4ll\u00e4 selvitettiin verenkierrossa  kulkeutuvien kudosper\u00e4isten pallomaisten eksosomien mikroRNA-sis\u00e4lt\u00f6\u00e4.<\/p><p>-Nykyteknologian ansiosta verest\u00e4 voidaan mitata l\u00e4hes mit\u00e4 vain.  Usein tutkittavat molekyylit ovat herkki\u00e4 reagoimaan pieniinkin kehon  sis\u00e4- tai ulkopuolelta tuleviin \u00e4rsykkeisiin, mink\u00e4 vuoksi on t\u00e4rke\u00e4\u00e4  keskitty\u00e4 siihen kenelt\u00e4, milloin ja miten mitataan, Kangas selitt\u00e4\u00e4.<\/p><p>-Eksosomien sis\u00e4ll\u00e4 kulkevat mikroRNAt ovat hyv\u00e4ss\u00e4 suojassa ja  p\u00e4\u00e4sev\u00e4t hyvin todenn\u00e4k\u00f6isesti m\u00e4\u00e4r\u00e4np\u00e4\u00e4h\u00e4ns\u00e4, eli vaikuttamaan  kohdekudoksen solujen toimintaan.<\/p><p>Tutkimuksessa havaitut mikroRNA-tasoerot her\u00e4tt\u00e4v\u00e4t lis\u00e4kysymyksi\u00e4 siit\u00e4, mit\u00e4 erot elimist\u00f6n toiminnan kannalta tarkoittavat.<\/p><p>-N\u00e4iss\u00e4 pienmolekyyleiss\u00e4 on paljon potentiaalia. Kunhan menetelm\u00e4t  saadaan yhdenmukaistettua ja tuloksia osataan tulkita yhdess\u00e4 muiden  viestimolekyylien kanssa, veren mikroRNAt soveltuvat lis\u00e4ty\u00f6kaluiksi  fysiologisen tilan ja suorituskyvyn arviointiin. Jatkossa on olennaista  selvitt\u00e4\u00e4 tutkittujen molekyylien tarkka toiminta solu- ja kudostasolla,  jotta tiedet\u00e4\u00e4n miksi ja mist\u00e4 ne ovat verenkiertoon kulkeutuneet,  Kangas painottaa. Niiden hy\u00f6dynt\u00e4minen my\u00f6s sairauksien diagnostiikassa,  etenemisess\u00e4 sek\u00e4 l\u00e4\u00e4kehoitojen tehon seurannassa on tunnistettu.<\/p><p><span>Lis\u00e4tietoja:<br \/><\/span><span>Reeta Kangas <\/span>kangasreeta@gmail.com<span>, +358440838689<br \/><\/span><span>Viestint\u00e4p\u00e4\u00e4llikk\u00f6 Liisa Harjula, puh. 040\u00a0805 4403, viestinta@jyu.fi<\/span><\/p><p>Reeta Kangas on kirjoittanut ylioppilaaksi Vaskivuoren lukiosta vuona  2005. H\u00e4n valmistui filosofian maisteriksi Jyv\u00e4skyl\u00e4n yliopistosta  marraskuussa 2012 p\u00e4\u00e4aineenaan solu- ja molekyylibiologia. Kangas on  ty\u00f6skennellyt tutkimusassistenttina sek\u00e4 laboratoriomestarina  terveystieteiden laitoksella ja sai helmikuussa 2013  tohtorikoulutettavan ty\u00f6suhteisen ty\u00f6teht\u00e4v\u00e4n Jyv\u00e4skyl\u00e4n yliopiston  liikuntatieteellisest\u00e4 tiedekunnasta.<\/p><p>Tutkimusta ovat tukeneet Jyv\u00e4skyl\u00e4n yliopiston liikuntatieteellinen  tiedekunta, Suomen Kulttuurirahasto, Suomen Urheiluopistos\u00e4\u00e4ti\u00f6, Tuki-  ja liikuntaelinsairauksien ja biomateriaalien tohtoriohjelma (TBDP),  Opetus- ja kulttuuriministeri\u00f6 ja Suomen Akatemia.<\/p><p>Teos on julkaistu sarjassa Studies in Sport, Physical Education and  Health numerona 267,\u00a0109 s. Jyv\u00e4skyl\u00e4 2018, ISSN 0356-1071, ISBN  978-951-39-7323-0 (nid.), ISBN 978-951-39-7324-7 (PDF). Kirjaa myyv\u00e4t  yliopistokauppa Soppi puh. 040 805 3825 tai myynti@library.jyu.fi ja  yliopiston verkkokauppa. Linkki v\u00e4it\u00f6skirjan pdf-versioon: <a href=\"http:\/\/urn.fi\/URN:ISBN:978-951-39-7324-7\"  target=\"_blank\">http:\/\/urn.fi\/URN:ISBN:978-951-39-7324-7<\/a><\/p>        <\/div>                                                                                                                  ","_fi_post_name":"vaitos-16","_fi_post_excerpt":"","_fi_post_title":"V\u00e4it\u00f6s 16.2.: Verenkierron mikroRNAt viestiv\u00e4t terveydentilasta ja suorituskyvyst\u00e4","_en_post_content":"","_en_post_name":"","_en_post_excerpt":"","_en_post_title":"","edit_language":"en","footnotes":""},"categories":[130,1],"tags":[],"class_list":["post-150","post","type-post","status-publish","format-standard","hentry","category-tiedeuutiset","category-yleinen","entry","no-media"],"_links":{"self":[{"href":"https:\/\/www.gerec.fi\/en\/wp-json\/wp\/v2\/posts\/150","targetHints":{"allow":["GET"]}}],"collection":[{"href":"https:\/\/www.gerec.fi\/en\/wp-json\/wp\/v2\/posts"}],"about":[{"href":"https:\/\/www.gerec.fi\/en\/wp-json\/wp\/v2\/types\/post"}],"author":[{"embeddable":true,"href":"https:\/\/www.gerec.fi\/en\/wp-json\/wp\/v2\/users\/1"}],"replies":[{"embeddable":true,"href":"https:\/\/www.gerec.fi\/en\/wp-json\/wp\/v2\/comments?post=150"}],"version-history":[{"count":1,"href":"https:\/\/www.gerec.fi\/en\/wp-json\/wp\/v2\/posts\/150\/revisions"}],"predecessor-version":[{"id":5322,"href":"https:\/\/www.gerec.fi\/en\/wp-json\/wp\/v2\/posts\/150\/revisions\/5322"}],"wp:attachment":[{"href":"https:\/\/www.gerec.fi\/en\/wp-json\/wp\/v2\/media?parent=150"}],"wp:term":[{"taxonomy":"category","embeddable":true,"href":"https:\/\/www.gerec.fi\/en\/wp-json\/wp\/v2\/categories?post=150"},{"taxonomy":"post_tag","embeddable":true,"href":"https:\/\/www.gerec.fi\/en\/wp-json\/wp\/v2\/tags?post=150"}],"curies":[{"name":"wp","href":"https:\/\/api.w.org\/{rel}","templated":true}]}}