{"id":149,"date":"2018-12-11T20:13:42","date_gmt":"2018-12-11T20:13:42","guid":{"rendered":"https:\/\/gerec.fi\/2018\/12\/11\/tutkimusuutinen-ikaantymisen-ja-hoivan-tutkimuksen-huippuyksikko-coe-agecare-on-yksi-suomen-akatemian-vuosina-201820132025-rahoittamista-tutkimuksen-huippuyksikoista\/"},"modified":"2018-12-14T23:58:26","modified_gmt":"2018-12-14T21:58:26","slug":"","status":"publish","type":"post","link":"https:\/\/www.gerec.fi\/en\/tutkimusuutinen-ikaantymisen-ja-hoivan-tutkimuksen-huippuyksikko-coe-agecare-on-yksi-suomen-akatemian-vuosina-201820132025-rahoittamista-tutkimuksen-huippuyksikoista\/","title":{"rendered":"","raw":""},"content":{"rendered":"","protected":false,"raw":""},"excerpt":{"rendered":"Tutkimusuutinen: Ik\u00e4\u00e4ntymisen ja hoivan tutkimuksen huippuyksikk\u00f6 (CoE AgeCare) on yksi Suomen Akatemian vuosina 2018\u20132025 rahoittamista tutkimuksen huippuyksik\u00f6ist\u00e4 \u2014 Gerontologian tutkimuskeskus Tutkimusuutinen: Ik\u00e4\u00e4ntymisen ja hoivan tutkimuksen huippuyksikk\u00f6 (CoE AgeCare) on yksi Suomen Akatemian vuosina 2018\u20132025 rahoittamista tutkimuksen huippuyksik\u00f6ist\u00e4 Se koostuu yli&hellip;","protected":false,"raw":""},"author":1,"featured_media":0,"comment_status":"open","ping_status":"open","sticky":false,"template":"","format":"standard","meta":{"_mi_skip_tracking":false,"_fi_post_content":"<div id=\"articleHeader\"><h1>Tutkimusuutinen: Ik\u00e4\u00e4ntymisen ja hoivan tutkimuksen huippuyksikk\u00f6 (CoE AgeCare) on yksi Suomen Akatemian vuosina 2018\u20132025 rahoittamista tutkimuksen huippuyksik\u00f6ist\u00e4 \u2014 Gerontologian tutkimuskeskus<\/h1><\/div>                                                                                                                                                                                                                                            Tutkimusuutinen: Ik\u00e4\u00e4ntymisen ja hoivan tutkimuksen huippuyksikk\u00f6 (CoE AgeCare) on yksi Suomen Akatemian vuosina 2018\u20132025 rahoittamista  tutkimuksen huippuyksik\u00f6ist\u00e4                                                                                                                                                                                                                                     <div id=\"parent-fieldname-description\">                   Se koostuu yli 20 sosiaalipolitiikan, sosiologian ja gerontologian tutkijasta Jyv\u00e4skyl\u00e4n, Tampereen ja Helsingin yliopistoista. Yksik\u00f6n tutkimusryhmi\u00e4 vet\u00e4v\u00e4t Teppo Kr\u00f6ger, Sirpa Wrede, Marja Jylh\u00e4, Outi Jolanki ja Sakari Taipale.                <\/div>                                                                                                                       <div id=\"content-core\">                                                             <div id=\"parent-fieldname-text\">            <p>Yksikk\u00f6 on nyt k\u00e4ynnistynyt ja se on juuri julkaissut kotisivustonsa\u00a0<a href=\"https:\/\/www.jyu.fi\/hytk\/fi\/laitokset\/yfi\/en\/research\/projects\/agecare\/ikaantymisen-ja-hoivan-tutkimuksen-huippuyksikko-coe-agecare-2018-2025\"  target=\"_blank\">suomeksi<\/a>\u00a0ja\u00a0<a href=\"https:\/\/www.jyu.fi\/hytk\/fi\/laitokset\/yfi\/en\/research\/projects\/agecare\"  target=\"_blank\">englanniksi<\/a>. Sivuston ja samalla koko huippuyksik\u00f6n tervetuloa-blogi on luettavissa\u00a0<a href=\"https:\/\/www.jyu.fi\/hytk\/fi\/laitokset\/yfi\/en\/research\/projects\/agecare\/ikaantymisen-ja-hoivan-tutkimuksen-huippuyksikko-coe-agecare-2018-2025\/blogi\"  target=\"_blank\">t\u00e4\u00e4ll\u00e4<\/a>. Kotisivusto seuraa t\u00e4st\u00e4 eteenp\u00e4in seuraavan kahdeksan vuoden ajan tiiviisti yksik\u00f6n tutkimusty\u00f6t\u00e4, aktiviteetteja ja julkaisuja.<\/p><p>Kaikkien tuorein tieto on saatavilla huippuyksik\u00f6n\u00a0<a href=\"https:\/\/www.facebook.com\/coeagecare\/\"  target=\"_blank\">Facebook-sivulla<\/a>\u00a0ja\u00a0<a href=\"https:\/\/twitter.com\/CoE_AgeCare\"  target=\"_blank\">Twitter-tilill\u00e4<\/a>. Tervetuloa niiden seuraajaksi.<\/p><p>Yksik\u00f6n avajaisseminaari j\u00e4rjestet\u00e4\u00e4n Helsingiss\u00e4 perjantaina iltap\u00e4iv\u00e4ll\u00e4 2.3.2018. Seminaarista tulee pian lis\u00e4tietoa ja ilmoittautumisohjeet. Se on maksuton ja avoin seminaari, jonka ohjelmassa on huippuyksik\u00f6n eri tutkimusryhmien ty\u00f6n esittely, Tukholman yliopiston professori Marta Szebehelyn esitelm\u00e4 ruotsalaisista kokemuksista vanhuspalveluiden yksityist\u00e4misest\u00e4 sek\u00e4 tuoreen tutkimusraportin julkaisu hoivaty\u00f6n olosuhteista eri Pohjoismaissa.<\/p>        <\/div>                                 <\/div>                                                                                 ","_fi_post_name":"tutkimusuutinen-ikaantymisen-ja-hoivan-tutkimuksen-huippuyksikko-coe-agecare-on-yksi-suomen-akatemian-vuosina-201820132025-rahoittamista-tutkimuksen-huippuyksikoista","_fi_post_excerpt":"","_fi_post_title":"Tutkimusuutinen: Ik\u00e4\u00e4ntymisen ja hoivan tutkimuksen huippuyksikk\u00f6 (CoE AgeCare) on yksi Suomen Akatemian vuosina 2018\u20132025 rahoittamista tutkimuksen huippuyksik\u00f6ist\u00e4 \u2014 Gerontologian tutkimuskeskus","_en_post_content":"","_en_post_name":"","_en_post_excerpt":"","_en_post_title":"","edit_language":"en","footnotes":""},"categories":[1],"tags":[],"class_list":["post-149","post","type-post","status-publish","format-standard","hentry","category-yleinen","entry","no-media"],"_links":{"self":[{"href":"https:\/\/www.gerec.fi\/en\/wp-json\/wp\/v2\/posts\/149","targetHints":{"allow":["GET"]}}],"collection":[{"href":"https:\/\/www.gerec.fi\/en\/wp-json\/wp\/v2\/posts"}],"about":[{"href":"https:\/\/www.gerec.fi\/en\/wp-json\/wp\/v2\/types\/post"}],"author":[{"embeddable":true,"href":"https:\/\/www.gerec.fi\/en\/wp-json\/wp\/v2\/users\/1"}],"replies":[{"embeddable":true,"href":"https:\/\/www.gerec.fi\/en\/wp-json\/wp\/v2\/comments?post=149"}],"version-history":[{"count":1,"href":"https:\/\/www.gerec.fi\/en\/wp-json\/wp\/v2\/posts\/149\/revisions"}],"predecessor-version":[{"id":5321,"href":"https:\/\/www.gerec.fi\/en\/wp-json\/wp\/v2\/posts\/149\/revisions\/5321"}],"wp:attachment":[{"href":"https:\/\/www.gerec.fi\/en\/wp-json\/wp\/v2\/media?parent=149"}],"wp:term":[{"taxonomy":"category","embeddable":true,"href":"https:\/\/www.gerec.fi\/en\/wp-json\/wp\/v2\/categories?post=149"},{"taxonomy":"post_tag","embeddable":true,"href":"https:\/\/www.gerec.fi\/en\/wp-json\/wp\/v2\/tags?post=149"}],"curies":[{"name":"wp","href":"https:\/\/api.w.org\/{rel}","templated":true}]}}