{"id":147,"date":"2018-12-11T20:13:42","date_gmt":"2018-12-11T20:13:42","guid":{"rendered":"https:\/\/gerec.fi\/2018\/12\/11\/tutkimusjulkaisu-diabetes-ei-lisannyt-varhaista-elakkeelle-siirtymista\/"},"modified":"2019-02-21T16:39:50","modified_gmt":"2019-02-21T14:39:50","slug":"","status":"publish","type":"post","link":"https:\/\/www.gerec.fi\/en\/tutkimusjulkaisu-diabetes-ei-lisannyt-varhaista-elakkeelle-siirtymista\/","title":{"rendered":"","raw":""},"content":{"rendered":"","protected":false,"raw":""},"excerpt":{"rendered":"Suomalaistutkimuksessa seurattiin diabetesta ja ennenaikaisesta el\u00e4k\u00f6itymisest\u00e4 johtuvaa ty\u00f6vuosien menetyst\u00e4 l\u00e4pi ty\u00f6uran l\u00e4hes 13 000 henkil\u00f6n keskuudessa. Tulokset yll\u00e4ttiv\u00e4t: diabetesta sairastaneet henkil\u00f6t siirtyiv\u00e4t harvemmin ennenaikaisesti el\u00e4kkeelle kuin sit\u00e4 sairastamattomat. Ennenaikaisesti el\u00e4kkeelle siirtyneiden keskuudessa diabetesta sairastaneet olivat t\u00f6iss\u00e4 keskim\u00e4\u00e4rin kaksi vuotta pidemp\u00e4\u00e4n&hellip;","protected":false,"raw":""},"author":1,"featured_media":0,"comment_status":"open","ping_status":"open","sticky":false,"template":"","format":"standard","meta":{"_mi_skip_tracking":false,"_fi_post_content":"<div id=\"articleHeader\"><\/div>                                                                                                                                                                                                                     <div id=\"parent-fieldname-description\">                   Suomalaistutkimuksessa seurattiin diabetesta ja ennenaikaisesta el\u00e4k\u00f6itymisest\u00e4 johtuvaa ty\u00f6vuosien menetyst\u00e4 l\u00e4pi ty\u00f6uran l\u00e4hes 13 000 henkil\u00f6n keskuudessa.                <\/div>                                                                                                                       <div id=\"content-core\">                                                             <div id=\"parent-fieldname-text\">            <p>Tulokset yll\u00e4ttiv\u00e4t: diabetesta sairastaneet henkil\u00f6t siirtyiv\u00e4t  harvemmin ennenaikaisesti el\u00e4kkeelle kuin sit\u00e4 sairastamattomat.  Ennenaikaisesti el\u00e4kkeelle siirtyneiden keskuudessa diabetesta  sairastaneet olivat t\u00f6iss\u00e4 keskim\u00e4\u00e4rin kaksi vuotta pidemp\u00e4\u00e4n kuin sit\u00e4  sairastamattomat.<\/p><p>Tutkimus perustui laajaan Helsingin syntym\u00e4kohorttitutkimuksen  aineistoon, jossa yhdisteltiin tietoja vuosina 1934\u20131944 Helsingiss\u00e4  syntyneist\u00e4 henkil\u00f6ist\u00e4. El\u00e4kkeelle siirtymist\u00e4 seurattiin vuosien 1971  ja 2011 v\u00e4lill\u00e4. Sin\u00e4 aikana kohortista noin 63 % siirtyi  ty\u00f6kyvytt\u00f6myys-, ty\u00f6tt\u00f6myys- tai osa-aikael\u00e4kkeelle tai kuoli ennen  el\u00e4kkeelle siirtymist\u00e4. Vanhuusel\u00e4kkeelle siirtyi noin 37 %. Tulokset  olivat samanlaisia naisilla ja miehill\u00e4. Heit\u00e4 seurattiin tutkimuksessa  20-30-vuotiaista l\u00e4htien hy\u00f6dynt\u00e4en Suomen ainutlaatuisia  valtakunnallisia rekistereit\u00e4.<\/p><p>- Aiemmissa tutkimuksissa on seuranta ollut lyhyemp\u00e4\u00e4,  jolloin diabeteksen vaikutuksia ty\u00f6uriin ei ole pystytty arvioimaan  pidemm\u00e4ll\u00e4 aikav\u00e4lill\u00e4. Ty\u00f6uran aikana kohortista 7,5 % miehist\u00e4 ja 4,3 %  naisista l\u00f6ytyi sairaala-, avohoito- tai l\u00e4\u00e4kerekisterist\u00e4 merkint\u00e4  diabeteksesta tai heille oli tehty diabetesl\u00e4\u00e4kityksest\u00e4  erityiskorvausp\u00e4\u00e4t\u00f6s. Ensimm\u00e4inen merkint\u00e4 diabeteksesta oli keskim\u00e4\u00e4rin  54,5-vuotiaana. Diabetestietoja oli vuodesta 1964 eteenp\u00e4in, kertoo  Jyv\u00e4skyl\u00e4n yliopiston dosentti <b>Mikaela von Bonsdorff.<\/b><\/p><p>Tutkimuksessa oltiin kiinnostuneita juuri ty\u00f6vuosien menetyksest\u00e4 ja  sen vuoksi huomioitiin my\u00f6s kuolleisuus ennen el\u00e4kkeelle siirtymist\u00e4.  Kohortista l\u00e4hes kahdeksan prosenttia kuoli ennen el\u00e4kkeelle  siirtymist\u00e4. Ty\u00f6kyvytt\u00f6myysel\u00e4kkeelle siirtyi l\u00e4hes kolmannes  tutkittavista. Yleisimm\u00e4t syyt olivat mielenterveysongelmat ja tuki- ja  liikuntaelinsairaudet sek\u00e4 syd\u00e4nsairaudet.<\/p><p>- Aiemmissa tutkimuksissa on diabeteksen vaikutuksia  ty\u00f6ntekoon tutkittu esimerkiksi diabeteksen diagnosoinnin ajankohdan  ymp\u00e4rill\u00e4, mik\u00e4 saattaa vaikuttaa tuloksiin suurestikin, sanoo Helsingin  yliopiston professori <b>Johan Eriksson.<\/b><\/p><p>Kansainv\u00e4lisesti arvostettua diabetestutkimusta on tehty Suomessa jo  1980-luvulta l\u00e4htien.\u00a0 Tutkimustulokset ovat vaikuttaneet diabeteksen  hoitoon kansallisesti.<\/p><p>- On kuitenkin muistettava, ett\u00e4 joukossa oli varmasti  niit\u00e4, jotka sairastivat diabetesta, mutta joita ei oltu diagnosoitu. On  arvioitu, ett\u00e4 diabeteksen alidiagnosointi on 20-50 prosentin luokkaa.  Tyypin 2 diabetes todetaan usein terveystarkastuksessa tai se voi olla  sattumal\u00f6yd\u00f6s, muistuttavat von Bonsdorff ja Eriksson.<\/p><p>- Tulos osoittaa, ett\u00e4 kokonaisvaltainen diabeteksen hoito  kannattaa sek\u00e4 yksil\u00f6n ett\u00e4 yhteiskunnan kannalta. Tutkimuksemme  tuloksia tukee ajankohtainen tanskalaisten havainto siit\u00e4, ett\u00e4 tyypin 2  diabetes ei alentanut elinik\u00e4\u00e4, kunhan sit\u00e4 hoidettiin hyvin, Eriksson  muistuttaa.<\/p><p>Lis\u00e4tietoja:<br \/> Dosentti Mikaela von Bonsdorff, Gerontologian tutkimuskeskus, Jyv\u00e4skyl\u00e4n yliopisto, p. 0400 342\u00a0692, <a href=\"mailto:\/\/mikaela.vonbonsdorff@jyu.fi\"  target=\"_blank\">mikaela.vonbonsdorff@jyu.fi<\/a>.<br \/>Professori Johan Eriksson, Helsingin yliopisto ja HUS, p 040-5016595, <a href=\"mailto:\/\/johan.eriksson@helsinki.fi\"  target=\"_blank\">johan.eriksson@helsinki.fi<\/a><\/p><p>Alkuper\u00e4isjulkaisu:<br \/> von Bonsdorff MB, von Bonsdorff ME, Haanp\u00e4\u00e4 M, Salonen M, Mikkola TM,  Kautiainen H, Eriksson JG. Work-loss years among people diagnosed with  diabetes - a reappraisal from a life course perspective. Acta  Diabetologica, DOI 10.1007\/s00592-018-1119-x, open access <a href=\"https:\/\/link.springer.com\/content\/pdf\/10.1007%2Fs00592-018-1119-x.pdf\"  target=\"_blank\">https:\/\/link.springer.com\/content\/pdf\/10.1007%2Fs00592-018-1119-x.pdf<\/a><\/p>        <\/div>                                                                                                                  ","_fi_post_name":"tutkimusjulkaisu-diabetes-ei-lisannyt-varhaista-elakkeelle-siirtymista","_fi_post_excerpt":"","_fi_post_title":"Tutkimusjulkaisu: Diabetes ei lis\u00e4nnyt varhaista el\u00e4kkeelle siirtymist\u00e4","_en_post_content":"","_en_post_name":"","_en_post_excerpt":"","_en_post_title":"","edit_language":"en","footnotes":""},"categories":[130,1],"tags":[],"class_list":["post-147","post","type-post","status-publish","format-standard","hentry","category-tiedeuutiset","category-yleinen","entry","no-media"],"_links":{"self":[{"href":"https:\/\/www.gerec.fi\/en\/wp-json\/wp\/v2\/posts\/147","targetHints":{"allow":["GET"]}}],"collection":[{"href":"https:\/\/www.gerec.fi\/en\/wp-json\/wp\/v2\/posts"}],"about":[{"href":"https:\/\/www.gerec.fi\/en\/wp-json\/wp\/v2\/types\/post"}],"author":[{"embeddable":true,"href":"https:\/\/www.gerec.fi\/en\/wp-json\/wp\/v2\/users\/1"}],"replies":[{"embeddable":true,"href":"https:\/\/www.gerec.fi\/en\/wp-json\/wp\/v2\/comments?post=147"}],"version-history":[{"count":1,"href":"https:\/\/www.gerec.fi\/en\/wp-json\/wp\/v2\/posts\/147\/revisions"}],"predecessor-version":[{"id":5319,"href":"https:\/\/www.gerec.fi\/en\/wp-json\/wp\/v2\/posts\/147\/revisions\/5319"}],"wp:attachment":[{"href":"https:\/\/www.gerec.fi\/en\/wp-json\/wp\/v2\/media?parent=147"}],"wp:term":[{"taxonomy":"category","embeddable":true,"href":"https:\/\/www.gerec.fi\/en\/wp-json\/wp\/v2\/categories?post=147"},{"taxonomy":"post_tag","embeddable":true,"href":"https:\/\/www.gerec.fi\/en\/wp-json\/wp\/v2\/tags?post=147"}],"curies":[{"name":"wp","href":"https:\/\/api.w.org\/{rel}","templated":true}]}}