{"id":142,"date":"2018-12-11T20:10:19","date_gmt":"2018-12-11T20:10:19","guid":{"rendered":"https:\/\/gerec.fi\/2018\/12\/11\/tutkimusjulkaisu-epigeneettinen-kello-kertoo-oletko-ikaistasi-vanhempi\/"},"modified":"2019-02-21T16:39:51","modified_gmt":"2019-02-21T14:39:51","slug":"","status":"publish","type":"post","link":"https:\/\/www.gerec.fi\/en\/tutkimusjulkaisu-epigeneettinen-kello-kertoo-oletko-ikaistasi-vanhempi\/","title":{"rendered":"","raw":""},"content":{"rendered":"","protected":false,"raw":""},"excerpt":{"rendered":"Biologinen ik\u00e4\u00e4ntyminen etenee yksil\u00f6llisesti. Tuoreessa Jyv\u00e4skyl\u00e4n ja Helsingin yliopistoissa tehdyss\u00e4 tutkimuksessa havaittiin ik\u00e4\u00e4ntyvi\u00e4 naiskaksosia tutkimalla yhteisen perim\u00e4n ja jaettujen ymp\u00e4rist\u00f6tekij\u00f6iden suuri vaikutus biologiseen ik\u00e4\u00e4n. Elinik\u00e4\u00e4 ja ik\u00e4\u00e4ntymiseen liittyvi\u00e4 sairauksia selitt\u00e4v\u00e4t perint\u00f6tekij\u00e4t, joiden vaikutus muokkaantuu lukuisten fyysiseen ja sosiaaliseen ymp\u00e4rist\u00f6\u00f6n ja&hellip;","protected":false,"raw":""},"author":1,"featured_media":0,"comment_status":"open","ping_status":"open","sticky":false,"template":"","format":"standard","meta":{"_mi_skip_tracking":false,"_fi_post_content":"<div id=\"articleHeader\"><\/div>                                                                                                                                                                                                                     <div id=\"parent-fieldname-description\">                   Biologinen ik\u00e4\u00e4ntyminen etenee yksil\u00f6llisesti. Tuoreessa Jyv\u00e4skyl\u00e4n ja Helsingin yliopistoissa tehdyss\u00e4 tutkimuksessa havaittiin ik\u00e4\u00e4ntyvi\u00e4 naiskaksosia tutkimalla yhteisen perim\u00e4n ja jaettujen ymp\u00e4rist\u00f6tekij\u00f6iden suuri vaikutus biologiseen ik\u00e4\u00e4n.                <\/div>                                                                                                                       <div id=\"content-core\">                                                             <div id=\"parent-fieldname-text\">            <p>Elinik\u00e4\u00e4 ja ik\u00e4\u00e4ntymiseen liittyvi\u00e4 sairauksia selitt\u00e4v\u00e4t  perint\u00f6tekij\u00e4t, joiden vaikutus muokkaantuu lukuisten fyysiseen ja  sosiaaliseen ymp\u00e4rist\u00f6\u00f6n ja el\u00e4m\u00e4ntapoihin liittyvien tekij\u00f6iden  vaikutuksesta.<\/p><p>Tutkimuksessa biologista ik\u00e4\u00e4ntymist\u00e4 mitattiin kahden modernin  markkerin avulla: kromosomien p\u00e4iss\u00e4 olevien telomeeriketjujen pituus  kertoo solujen elinvoimasta ja eletyn el\u00e4m\u00e4n aiheuttamasta kulutuksesta.  Epigeneettinen kello puolestaan on algoritmi, joka laskee  epigeneettisen i\u00e4n tiettyihin DNA-kohtiin liittyneiden metyyliryhmien  perusteella.<\/p><p>Tiedet\u00e4\u00e4n, ett\u00e4 sek\u00e4 telomeeripituuden ett\u00e4 epigeneettisen kellon  mukaan kalenteri-ik\u00e4\u00e4ns\u00e4 vanhempi ihminen on muita suuremmassa riskiss\u00e4  kuolla ennenaikaisesti. Huolimatta samankaltaisista yhteyksist\u00e4  kuolleisuuteen n\u00e4m\u00e4 biologisen i\u00e4n markkerit kuvaavat erilaisia  ik\u00e4\u00e4ntymiseen liittyvi\u00e4 mekanismeja.<\/p><p><b>Epigeneettinen ik\u00e4 on yhteydess\u00e4 lihasvoiman heikkenemiseen<\/b><\/p><p>Tutkimuksessa kartoitettiin ik\u00e4\u00e4ntyvill\u00e4 naiskaksosilla  telomeeripituuden ja epigeneeettisen i\u00e4n yhteytt\u00e4 laboratoriossa  mitattuun kehon koostumukseen, lihasvoimaan ja k\u00e4velykykyyn.  Identtisill\u00e4 kaksospareilla telomeeripituus ja epigeneettinen ik\u00e4 olivat  hyvin samankaltaisia. T\u00e4m\u00e4 kuvastaa yhteisen perim\u00e4n ja jaettujen  ymp\u00e4rist\u00f6tekij\u00f6iden suurta vaikutusta biologiseen ik\u00e4\u00e4n. Telomeeripituus  ei ollut yhteydess\u00e4 tutkittuihin muuttujiin, mutta epigeneettinen ik\u00e4  oli yhteydess\u00e4 k\u00e4den puristusvoimaan.<\/p><p>Aiemmat tutkimukset ovat osoittaneet, ett\u00e4 juuri puristusvoima  ennustaa sairastavuutta ja kuolleisuutta. Nyt saadut tulokset  vahvistavat k\u00e4sityst\u00e4 siit\u00e4, ett\u00e4 epigeneettinen ik\u00e4 on biologisen i\u00e4n  markkeri. Lis\u00e4tutkimusta tarvitaan sen selvitt\u00e4miseksi, onko DNA:n  metyloituminen, jonka perusteella epigeneettinen ik\u00e4 lasketaan,  ik\u00e4\u00e4ntymisen syy vai seuraus ja voidaanko siihen jollakin keinoin  vaikuttaa.<\/p><p>- Biologisen i\u00e4n luotettava mittaaminen voisi olla apuna  tunnistettaessa ihmisi\u00e4, jotka ovat erityisess\u00e4 riskiss\u00e4 sairastua ja  kuolla ennenaikaisesti. Sen avulla voitaisiin tutkia erilaisten  ymp\u00e4rist\u00f6tekij\u00f6iden vaikutusta ihmisen ik\u00e4\u00e4ntymisen etenemiseen jo  elini\u00e4n aikana sek\u00e4 kehitt\u00e4\u00e4 terapioita, joilla voidaan vaikuttaa  ik\u00e4\u00e4ntymisprosessiin ja siten useisiin toiminnanvajavuuksiin ja  sairauksiin, yliopistotutkija <b>Elina Sillanp\u00e4\u00e4<\/b> kuvailee.<\/p><p><b>Lis\u00e4tietoja:<\/b> <br \/> Yliopistotutkija Elina Sillanp\u00e4\u00e4, puh. 040 1429639, elina.sillanpaa@jyu.fi<\/p><p><b>Alkuper\u00e4isjulkaisu:<\/b> Elina Sillanp\u00e4\u00e4, Eija K.  Laakkonen, Elina Vaara, Taina Rantanen, Vuokko Kovanen, Sarianna Sipil\u00e4,  Jaakko Kaprio ja Miina Ollikainen. Biological clocks and physical  functioning in monozygotic female twins. BMC Geriatrics (2018) 18:83  Julkaisu on avoimesti luettavissa ja ladattavissa: http:\/\/rdcu.be\/Kz1R<\/p><p>Tutkimusta ovat rahoittaneet Suomen Akatemia, Opetus- ja  kulttuuriministeri\u00f6, EC GenomEUtwin projekti sek\u00e4 Sigrid Juseliuksen ja  Yrj\u00f6 Jahnssonin s\u00e4\u00e4ti\u00f6t.<\/p><p>Tutkimus tehtiin yhteisty\u00f6ss\u00e4 Gerontologian tutkimuskeskuksen (GEREC)  ja Suomen molekyylil\u00e4\u00e4ketieteen instituutin (FIMM) kanssa. GEREC  (www.gerec.fi) on Jyv\u00e4skyl\u00e4n ja Tampereen yliopistojen tutkimuskeskus,  joka tuottaa uutta tieteellist\u00e4 tietoa ik\u00e4\u00e4ntymisest\u00e4, osallistuu  yliopistokoulutukseen ja vahvistaa alan asiantuntemusta. FIMM  (www.fimm.fi) on kansainv\u00e4linen tutkimuslaitos, jonka toiminta keskittyy  sairauksien molekyylitason mekanismien selvitt\u00e4miseen genetiikan ja  l\u00e4\u00e4ketieteellisen systeemibiologian menetelmin. Tavoitteena on  tutkimustiedon siirt\u00e4minen terveydenhuollon k\u00e4ytt\u00f6\u00f6n mm.  henkil\u00f6kohtaista l\u00e4\u00e4ketiedett\u00e4 edist\u00e4m\u00e4ll\u00e4.<\/p>        <\/div>                                                                                                                  ","_fi_post_name":"tutkimusjulkaisu-epigeneettinen-kello-kertoo-oletko-ikaistasi-vanhempi","_fi_post_excerpt":"","_fi_post_title":"Tutkimusjulkaisu: Epigeneettinen kello kertoo, oletko ik\u00e4ist\u00e4si vanhempi","_en_post_content":"","_en_post_name":"","_en_post_excerpt":"","_en_post_title":"","edit_language":"en","footnotes":""},"categories":[130,1],"tags":[],"class_list":["post-142","post","type-post","status-publish","format-standard","hentry","category-tiedeuutiset","category-yleinen","entry","no-media"],"_links":{"self":[{"href":"https:\/\/www.gerec.fi\/en\/wp-json\/wp\/v2\/posts\/142","targetHints":{"allow":["GET"]}}],"collection":[{"href":"https:\/\/www.gerec.fi\/en\/wp-json\/wp\/v2\/posts"}],"about":[{"href":"https:\/\/www.gerec.fi\/en\/wp-json\/wp\/v2\/types\/post"}],"author":[{"embeddable":true,"href":"https:\/\/www.gerec.fi\/en\/wp-json\/wp\/v2\/users\/1"}],"replies":[{"embeddable":true,"href":"https:\/\/www.gerec.fi\/en\/wp-json\/wp\/v2\/comments?post=142"}],"version-history":[{"count":1,"href":"https:\/\/www.gerec.fi\/en\/wp-json\/wp\/v2\/posts\/142\/revisions"}],"predecessor-version":[{"id":5334,"href":"https:\/\/www.gerec.fi\/en\/wp-json\/wp\/v2\/posts\/142\/revisions\/5334"}],"wp:attachment":[{"href":"https:\/\/www.gerec.fi\/en\/wp-json\/wp\/v2\/media?parent=142"}],"wp:term":[{"taxonomy":"category","embeddable":true,"href":"https:\/\/www.gerec.fi\/en\/wp-json\/wp\/v2\/categories?post=142"},{"taxonomy":"post_tag","embeddable":true,"href":"https:\/\/www.gerec.fi\/en\/wp-json\/wp\/v2\/tags?post=142"}],"curies":[{"name":"wp","href":"https:\/\/api.w.org\/{rel}","templated":true}]}}