{"id":122,"date":"2018-12-11T20:10:18","date_gmt":"2018-12-11T20:10:18","guid":{"rendered":"https:\/\/gerec.fi\/2018\/12\/11\/yleistyva-pitkaikaisyys-ja-sosiaali-ja-terveyspalvelujen-uudet-haasteet-coctel-marja-jylha\/"},"modified":"2018-12-15T00:16:08","modified_gmt":"2018-12-14T22:16:08","slug":"","status":"publish","type":"post","link":"https:\/\/www.gerec.fi\/en\/yleistyva-pitkaikaisyys-ja-sosiaali-ja-terveyspalvelujen-uudet-haasteet-coctel-marja-jylha\/","title":{"rendered":"","raw":""},"content":{"rendered":"","protected":false,"raw":""},"excerpt":{"rendered":"Yleistyv\u00e4 pitk\u00e4ik\u00e4isyys ja sosiaali- ja terveyspalvelujen uudet haasteet (COCTEL) \/ Marja Jylh\u00e4 Tutkimuksen tarkoituksena on tuottaa tietoa vanhojen ihmisten sosiaali- ja terveyspalvelujen k\u00e4yt\u00f6st\u00e4 ja kustannuksista kahtena viimeisen\u00e4 elinvuotena ja niiden joukossa, jotka eliv\u00e4t pidemp\u00e4\u00e4n. T\u00e4h\u00e4n menness\u00e4 on tutkittu, miten ik\u00e4,&hellip;","protected":false,"raw":""},"author":1,"featured_media":0,"comment_status":"open","ping_status":"open","sticky":false,"template":"","format":"standard","meta":{"_mi_skip_tracking":false,"_fi_post_content":"<div id=\"articleHeader\"><h1>                    Yleistyv\u00e4 pitk\u00e4ik\u00e4isyys ja sosiaali- ja terveyspalvelujen uudet haasteet (COCTEL) \/ Marja Jylh\u00e4                <\/h1><\/div>                                                                                                                                                                                                                                                                                                                                                                                                             <p style=\"text-align: left; \">Tutkimuksen tarkoituksena on tuottaa tietoa vanhojen ihmisten sosiaali- ja terveyspalvelujen k\u00e4yt\u00f6st\u00e4 ja kustannuksista kahtena viimeisen\u00e4 elinvuotena ja niiden joukossa, jotka eliv\u00e4t pidemp\u00e4\u00e4n. T\u00e4h\u00e4n menness\u00e4 on tutkittu, miten ik\u00e4, kuoleman l\u00e4heisyys, kotikunta ja dementiadiagnoosi ovat yhteydess\u00e4 palvelujenk\u00e4ytt\u00f6\u00f6n. Toinen keskeinen teema on vanhojen ihmisten hoitopolut el\u00e4m\u00e4n loppuvaiheessa, esim. miten kuolinpaikka ja siirtymien m\u00e4\u00e4r\u00e4 hoitopaikkojen ja\/tai kodin v\u00e4lill\u00e4 eroavat ik\u00e4ryhmitt\u00e4in ja kunnittain.<\/p><p style=\"text-align: left; \">Tutkimuksen\u00a0viimeisimm\u00e4ss\u00e4 vaiheessa kuvataan ja analysoidaan sosiaali- ja terveyspalvelujen j\u00e4rjest\u00e4mistapojen, k\u00e4yt\u00f6n ja kustannusten kehityst\u00e4 vuosina 1996\u20132013. Tutkimuskysymykset ovat esim.: miten eri palveluja k\u00e4ytt\u00e4neiden osuus, hoitop\u00e4ivien m\u00e4\u00e4r\u00e4, yksil\u00f6lliset hoitopolut, hoitopaikkojen v\u00e4liset siirtym\u00e4t ja kuolinpaikat ovat kehittyneet? Miten pitk\u00e4aikaishoidon ja akuutin sairaalahoidon suhde on kehittynyt? Miten yksityisen ja julkisen tahon j\u00e4rjest\u00e4m\u00e4n pitk\u00e4aikaishoidon roolit ovat kehittyneet? Miten dementiaa sairastaneiden palvelujen k\u00e4ytt\u00f6 ja palvelujen v\u00e4liset siirtym\u00e4t ovat\u00a0muuttuneet tutkimusvuosien aikana?<\/p><p style=\"text-align: left; \">Aineisto on muodostettu yhdist\u00e4m\u00e4ll\u00e4 tietoja useista kansallisista rekistereist\u00e4. Se sis\u00e4lt\u00e4\u00e4 t\u00e4ll\u00e4 hetkell\u00e4 vuosina 1998\u20132013 70-vuotiaana tai vanhempana kuolleet suomalaiset (N 502 656)\u00a0sek\u00e4 heid\u00e4n v\u00e4hint\u00e4\u00e4n kaksi vuotta pidemp\u00e4\u00e4n el\u00e4neet verrokkinsa (1 987 240).\u00a0Aikasarjaa\u00a0tullaan jatkamaan. Lis\u00e4ksi k\u00e4ytett\u00e4\u00e4n Tervaskannot 90+ -aineistoa, joka sis\u00e4lt\u00e4\u00e4 tietoja 90-vuotiaiden ja sit\u00e4 vanhempien tamperelaisten elinoloista, avun tarpeesta ja l\u00e4hteist\u00e4, sairauksista, terveydest\u00e4 ja toimintakyvyst\u00e4, sosiaalisista suhteista sek\u00e4 yleisest\u00e4 el\u00e4m\u00e4n kokemisesta.<\/p><p style=\"text-align: left; \"><b>Tutkimuksen rahoittajat<\/b><br \/>Suomen Akatemia, TASK-hanke, Kunnallisalan kehitt\u00e4miss\u00e4\u00e4ti\u00f6 ja Kela<\/p><p><b>Tutkimusryhm\u00e4 <\/b><br \/><i>Vastuullinen johtaja <\/i><br \/>Professori Marja Jylh\u00e4, marja.jylha[at]uta.fi, Terveystieteiden yksikk\u00f6, Tampereen yliopisto<\/p><p><i>Tutkimuksen toinen johtaja<\/i><br \/>Professori Pekka Rissanen, pekka.rissanen[at]uta.fi, Terveystieteiden yksikk\u00f6, Tampereen yliopisto<\/p><p style=\"text-align: left; \"><i>Tutkijatohtorit<\/i><br \/>Leena Forma, leena.forma[at]uta.fi, Terveystieteiden yksikk\u00f6, Tampereen yliopisto<br \/>Jutta Pulkki, jutta.pulkki[at]uta.fi, Terveystieteiden yksikk\u00f6, Tampereen yliopisto<br \/>Mari Aaltonen, mari.s.aaltonen[at]uta.fi, Terveystieteiden yksikk\u00f6, Tampereen yliopisto<\/p><p style=\"text-align: left; \"><i>Tilastotieteellinen asiantuntija<\/i><br \/>Jani Raitanen, jani.raitanen[at]uta.fi, Terveystieteiden yksikk\u00f6, Tampereen yliopisto<\/p><p><b><i>Julkaisut<\/i><\/b><\/p><p>Masuchi Y, Jylh\u00e4 M, Raitanen J, Aaltonen M. (2018) The place of death among people with dementia in Finland - the change from 1998 to 2013. Alzheimers Dement; 10: 86\u201393. Published online 2017 Nov 6. doi:\u00a0 10.1016\/j.dadm.2017.10.006<\/p><p>Aaltonen M, Forma L, Pulkki J, Raitanen J, Rissanen P, Jylh\u00e4 M. (2017) Changes in older people\u2019s care profiles during the last two years of life, 1996-1998 and 2011-2013: a retrospective nationwide study in Finland. BMJ Open;7(11):e015130. doi: 10.1136\/bmjopen-2016-015130.<\/p><p>Kauppi Maarit, Raitanen Jani, Stenholm Sari, Aaltonen Mari, Enroth Linda, Jylh\u00e4 Marja. (2017). Predictors of long-term care among nonagenarians: the Vitality 90 + Study with linked data of the care registers. Aging Clinical and Experimental Research.<\/p><p>Enroth L, Aaltonen M, Raitanen J, Nosraty L, Jylh\u00e4 M. (2017). Does use of long\u2011term care differ between occupational classes among the oldest old? Vitality 90 + Study. European Journal of Ageing. Published Online. DOI 10.1007\/s10433-017-0445-0.<\/p><p>Forma L, Jylh\u00e4 M, Pulkki J, Aaltonen M, Raitanen J, Rissanen P. (2017). Trends in the use and costs of round-the-clock long-term care in the last two years of life among old people between 2002 and 2013 in Finland. BMC Health Services Research 17: 668.<\/p><p>Forma L, Aaltonen M, Pulkki J, Raitanen J, Rissanen P, Jylh\u00e4 M (2017). Long-term care is increasingly concentrated in the last years of life: a change from 2000 to 2011. Eur J Public Health. 2017 Feb 23. doi: 10.1093\/eurpub\/ckw260<\/p><p>Forma L, Aaltonen M, Pulkki J, Raitanen J, Rissanen P, Jylh\u00e4 M (2017): Care service use in two years preceding suicide among older adults - comparison with those who died a \u00a0natural\u00a0\u00a0 death and those who lived longer. European Journal of Ageing 14 (2):143\u2013153<\/p><p>Aaltonen M, Pulkki J, Forma L, Raitanen J, Rissanen P, Jylh\u00e4 M (2016). Demential\u00e4\u00e4kkeiden kustannukset ja Kela-korvaukset moninkertaistuivat viimeisin\u00e4 elinvuosina. L\u00e4\u00e4k\u00e4rilehti, 71 (43): 2723-2729.<\/p><p>Forma L, Aaltonen M, Pulkki J, Raitanen J, Rissanen P, Jylh\u00e4 M (2016): Care service use in two years preceding suicide among older adults - comparison with those who died a natural death and those who lived longer. European Journal of Ageing, online 0410.2016.\u00a0doi:10.1007\/s10433-016-0397-9<\/p><p>Pulkki Jutta, Jylh\u00e4 Marja, Forma Leena, Aaltonen Mari, Raitanen Jani, Rissanen Pekka (2015) Long-term care use among old people in their last 2 years of life: variations across Finland. Health and Social Care in the Community 24 (4); 439-49.<\/p><p>Forma Leena, Raitanen Jani, Jylh\u00e4 Marja. (2015). I\u00e4kk\u00e4iden sotainvalidien sosiaali- ja terveyspalvelujen k\u00e4ytt\u00f6 kahtena viimeisen\u00e4 elinvuotena. Teoksessa Sotainvalidien Veljesliitto (toim.) Tutkijafoorumi. Sotainvalidien Veljesliitto 75 vuotta, 24-41.<\/p><p>Jylh\u00e4 Marja, Aaltonen Mari, Forma Leena, Rissanen Pekka. (2015)\u00a0Hoitoketjut ja kuolinpaikat. Vanhusten palliatiivinen hoito. Teoksessa Palliatiivinen hoito, sivut 554-558. Toim. Saarto Tiina, H\u00e4nninen Juha, Antikainen Riitta, Vainio Anneli. Duodecim. Livonia Print. Riika 2015.<\/p><p>Aaltonen Mari (2015) Patterns of care in the last two years of life. Care transitions and places\u00a0of death of old people. Acta Universitatis Tamperensis 2094. V\u00e4it\u00f6skirja.<\/p><p>Aaltonen Mari, Raitanen Jani, Forma Leena, Pulkki Jutta, Rissanen Pekka, Jylh\u00e4 Marja. (2014) Burdensome transitions at the end of life among long-term care residents with dementia. Journal of the American Medical Directors Association. 15:643-648.<\/p><p>Pulkki Jutta, Aaltonen Mari, Forma Leena, Jylh\u00e4 Marja, Raitanen Jani, Rissanen Pekka.\u00a0(2014) Pitk\u00e4aikaishoito kunnissa vanhuuden viimeisin\u00e4 vuosina. Palvelujen k\u00e4yt\u00f6n erot ja muutokset vuosina 2002\u22122008. Kunnallistieteellinen aikakauslehti vol 42 (1): 27-43.<\/p><p>Aaltonen Mari, Forma Leena, Rissanen Pekka, Raitanen Jani, Jylh\u00e4 Marja. (2013). Effects of\u00a0municipality factors on care transitions. Scandinavian Journal of Public Health 41 (6), 604-615.<\/p><p>Forma Leena, Jylh\u00e4 Marja, Aaltonen Mari, Raitanen Jani, Rissanen Pekka. (2012).\u00a0 Vanhuuden viimeiset vuodet - pitk\u00e4aikaishoito ja siirtym\u00e4t hoitopaikkojen v\u00e4lill\u00e4. Sastamala: Kunnallisalan kehitt\u00e4miss\u00e4\u00e4ti\u00f6. (Kunnallisalan kehitt\u00e4miss\u00e4\u00e4ti\u00f6n Tutkimusjulkaisusarja 69).<\/p><p>Aaltonen Mari, Rissanen Pekka, Forma Leena, Raitanen Jani, Jylh\u00e4 Marja. (2012). The\u00a0 impact of dementia on care transitions during the last two years of life. Age and Ageing 41 (1), 52-57.<\/p><p>Forma Leena. (2011) Health and Social Service Use Among Older People. The last two years of life. Acta Universitatis Tamperensis 1673. Tampere University Press. V\u00e4it\u00f6skirja.<\/p><p>Forma Leena, Jylh\u00e4 Marja, Aaltonen Mari, Raitanen Jani, Rissanen Pekka. (2011). Municipal variation in health and social service use in the last 2 years of life among old people. Scandinavian Journal of Public Health 39 (4), 361-370.<\/p><p>Forma Leena, Rissanen Pekka, Aaltonen Mari, Raitanen Jani, Jylh\u00e4 Marja. (2011). Dementia as a determinant of social and health service use in the last two years of life 1996-2003. BMC Geriatrics 11 (14).<\/p><p>Aaltonen Mari. (2011). El\u00e4m\u00e4n loppuvaiheen monimuotoiset hoitopolut. Hoivapalvelut 3 (2), 20-22.<\/p><p>Aaltonen Mari, Forma Leena, Rissanen Pekka, Raitanen Jani, Jylh\u00e4 Marja. (2010). Transitions in health and social service system at the end of life. European Journal of Ageing 7 (2), 91-100.<\/p><p>Forma Leena, Rissanen Pekka, Aaltonen Mari, Raitanen Jani, Jylh\u00e4 Marja. (2009). Age and closeness of death as determinants of health and social care utilization: a case-control study. European Journal of Public Health 19 (3), 313-318.<\/p><p>Jylh\u00e4 M, Forma L, Aaltonen M, Raitanen J, Rissanen P. (2008). Pidentyv\u00e4 vanhuusik\u00e4 ja palvelujen uudet haasteet. In Ulla Ashorn, Juhani Lehto (toim.) Tutkijapuheenvuoroja terveydenhuollosta. Helsinki: Stakes, 116-128.<\/p><p>Forma L, Rissanen P, Noro A, Raitanen J, Jylh\u00e4 M. (2007) Health and social service use among old people in the last 2 years of life. European Journal of Ageing 4 (3), 145-154.<\/p>                    ","_fi_post_name":"yleistyva-pitkaikaisyys-ja-sosiaali-ja-terveyspalvelujen-uudet-haasteet-coctel-marja-jylha","_fi_post_excerpt":"","_fi_post_title":"Yleistyv\u00e4 pitk\u00e4ik\u00e4isyys ja sosiaali- ja terveyspalvelujen uudet haasteet (COCTEL) \/ Marja Jylh\u00e4","_en_post_content":"","_en_post_name":"","_en_post_excerpt":"","_en_post_title":"","edit_language":"en","footnotes":""},"categories":[1],"tags":[],"class_list":["post-122","post","type-post","status-publish","format-standard","hentry","category-yleinen","entry","no-media"],"_links":{"self":[{"href":"https:\/\/www.gerec.fi\/en\/wp-json\/wp\/v2\/posts\/122","targetHints":{"allow":["GET"]}}],"collection":[{"href":"https:\/\/www.gerec.fi\/en\/wp-json\/wp\/v2\/posts"}],"about":[{"href":"https:\/\/www.gerec.fi\/en\/wp-json\/wp\/v2\/types\/post"}],"author":[{"embeddable":true,"href":"https:\/\/www.gerec.fi\/en\/wp-json\/wp\/v2\/users\/1"}],"replies":[{"embeddable":true,"href":"https:\/\/www.gerec.fi\/en\/wp-json\/wp\/v2\/comments?post=122"}],"version-history":[{"count":1,"href":"https:\/\/www.gerec.fi\/en\/wp-json\/wp\/v2\/posts\/122\/revisions"}],"predecessor-version":[{"id":5512,"href":"https:\/\/www.gerec.fi\/en\/wp-json\/wp\/v2\/posts\/122\/revisions\/5512"}],"wp:attachment":[{"href":"https:\/\/www.gerec.fi\/en\/wp-json\/wp\/v2\/media?parent=122"}],"wp:term":[{"taxonomy":"category","embeddable":true,"href":"https:\/\/www.gerec.fi\/en\/wp-json\/wp\/v2\/categories?post=122"},{"taxonomy":"post_tag","embeddable":true,"href":"https:\/\/www.gerec.fi\/en\/wp-json\/wp\/v2\/tags?post=122"}],"curies":[{"name":"wp","href":"https:\/\/api.w.org\/{rel}","templated":true}]}}