{"id":119,"date":"2018-12-11T20:10:18","date_gmt":"2018-12-11T20:10:18","guid":{"rendered":"https:\/\/gerec.fi\/2018\/12\/11\/kohti-kaksitahti-suomea-pirjo-nikander-kirsi-lumme-sandt-clas-hakan-nygard\/"},"modified":"2018-12-11T20:10:18","modified_gmt":"2018-12-11T20:10:18","slug":"","status":"publish","type":"post","link":"https:\/\/www.gerec.fi\/en\/kohti-kaksitahti-suomea-pirjo-nikander-kirsi-lumme-sandt-clas-hakan-nygard\/","title":{"rendered":"","raw":""},"content":{"rendered":"","protected":false,"raw":""},"excerpt":{"rendered":"Kohti kaksitahti-Suomea? \/ Pirjo Nikander, Kirsi Lumme-Sandt, Clas-H\u00e5kan Nyg\u00e5rd Kohti kaksitahti-Suomea? \u2013 Ty\u00f6urien pidennys, el\u00e4k\u00f6itymisen polut ja eriarvoistuva vanhuus T\u00e4ss\u00e4 tutkimushankkeessa tarkastellaan ik\u00e4\u00e4ntyneidenty\u00f6ntekij\u00f6iden ja ty\u00f6tt\u00f6mien arkea. Ik\u00e4\u00e4ntyminen on globaali megatrendi, joka n\u00e4kyy ty\u00f6markkinoilla monin tavoin ja pakottaa kehittyneet teollisuusmaat hakemaan&hellip;","protected":false,"raw":""},"author":1,"featured_media":0,"comment_status":"open","ping_status":"open","sticky":false,"template":"","format":"standard","meta":{"_mi_skip_tracking":false,"_fi_post_content":"<div id=\"articleHeader\"><h1>                    Kohti kaksitahti-Suomea? \/ Pirjo Nikander, Kirsi Lumme-Sandt, Clas-H\u00e5kan Nyg\u00e5rd                <\/h1><\/div>                                                                                                                                                                                                                     <div id=\"parent-fieldname-description\">                   Kohti kaksitahti-Suomea? \u2013 Ty\u00f6urien pidennys, el\u00e4k\u00f6itymisen polut ja eriarvoistuva vanhuus                <\/div>                                                                                                                       <div id=\"content-core\">                                                     <div id=\"parent-fieldname-text-7406782dbad44c3f92d93d5b4512486a\">            <p>T\u00e4ss\u00e4 tutkimushankkeessa tarkastellaan ik\u00e4\u00e4ntyneidenty\u00f6ntekij\u00f6iden ja ty\u00f6tt\u00f6mien arkea. Ik\u00e4\u00e4ntyminen on globaali megatrendi, joka n\u00e4kyy ty\u00f6markkinoilla monin tavoin ja pakottaa kehittyneet teollisuusmaat hakemaan uusia ratkaisuja ty\u00f6urien pident\u00e4miseen ja el\u00e4kkeelle siirtymisen aikataulutukseen. Hankkeen l\u00e4ht\u00f6kohtana on paradoksi, joka syntyy yht\u00e4\u00e4lt\u00e4 tarpeesta pident\u00e4\u00e4 ty\u00f6uria elinajan odotteen mukaisesti ja luoda t\u00e4lle toimiva k\u00e4yt\u00e4nt\u00f6. Toisaalta vallitseva taloussuhdanne tuottaa lis\u00e4\u00e4ntyv\u00e4\u00e4 ty\u00f6tt\u00f6myytt\u00e4, toistuvia yt-neuvotteluja ja samalla ty\u00f6nantajalle kalliiksi k\u00e4yv\u00e4n keski-ik\u00e4isen ja ik\u00e4\u00e4ntyneen ty\u00f6v\u00e4est\u00f6n tuntuvaa ja tavanomaista aikaisempaa poistumista ty\u00f6markkinoilta.<\/p><p>Tutkimushankkeessamme tarkastellaan ty\u00f6urien pident\u00e4mistavoitetta niiden loppup\u00e4\u00e4n, el\u00e4m\u00e4ntilanteiltaan yh\u00e4 heterogeenisemman ik\u00e4\u00e4ntyneen ty\u00f6ntekij\u00e4ryhm\u00e4n n\u00e4k\u00f6kulmasta. Poliittisen p\u00e4\u00e4t\u00f6ksenteon, mediakeskustelun ja k\u00e4ynniss\u00e4 olevan el\u00e4keuudistuksen tukeutuessa pitk\u00e4lti demografiselle numero- ja tilastotiedolle sek\u00e4 \"keskim\u00e4\u00e4r\u00e4isen ty\u00f6llisen\" idealle, t\u00e4ss\u00e4 hankkeessa el\u00e4kkeelle siirtymist\u00e4 tarkastellaan sek\u00e4 media-analyysin ett\u00e4 el\u00e4k\u00f6ityvien arkiel\u00e4m\u00e4n tasolla liikkuvan laadullisen pitkitt\u00e4isseurannan ett\u00e4 kyselytutkimuksen keinoin. Tutkimus kyseenalaistaa kronologiselle kalenteri-i\u00e4lle pohjaavan \"yksi koko sopii kaikille\" -ajattelumallin ty\u00f6urista puhuttaessa ja korostaa el\u00e4k\u00f6itymisen kynnyksell\u00e4 olevan v\u00e4est\u00f6n moninaisuutta, p\u00e4\u00e4t\u00f6ksentekoa ja toimijuutta.<\/p><p>Kysymme:<\/p><ul><li>Mitk\u00e4 mukaan ottamisen ja poissulkemisen, my\u00f6s ik\u00e4syrjint\u00e4\u00e4n liittyv\u00e4t mekanismit koskevat ik\u00e4\u00e4ntyneit\u00e4 ty\u00f6ntekij\u00f6it\u00e4 ja miten he itse el\u00e4kkeelle siirtymisen, sen ajoittamisen ja oman hyvinvointinsa ja ty\u00f6kykyns\u00e4 mielt\u00e4v\u00e4t?<\/li><li>Miten rikkoa ty\u00f6uran loppupuolelle sijoittuva ty\u00f6tt\u00f6myysjakso ja selvit\u00e4 takaisin ty\u00f6el\u00e4m\u00e4\u00e4n?<\/li><li>Keill\u00e4 lopulta on mahdollisuus pident\u00e4\u00e4 ty\u00f6uraansa ja mit\u00e4 ty\u00f6el\u00e4m\u00e4n ulkopuolelle ja ty\u00f6tt\u00f6myyskortistoon p\u00e4\u00e4tyminen tarkoittaa arkip\u00e4iv\u00e4n selviytymisen, hyvinvoinnin ja tulevaisuuden el\u00e4kel\u00e4isyyden n\u00e4k\u00f6kulmasta?<\/li><li>Miten el\u00e4k\u00f6itymisen todellisuus rakentuu nykyisess\u00e4 mediajulkisuudessa ja miten ik\u00e4\u00e4ntyv\u00e4t ty\u00f6ntekij\u00e4t itse j\u00e4sent\u00e4v\u00e4t omaa ty\u00f6uraansa ja ty\u00f6ss\u00e4jaksamistaan?<\/li><\/ul><p>Hanke tuottaa tietoa sek\u00e4 ik\u00e4\u00e4ntyvien ty\u00f6ntekij\u00f6iden mahdollisuuksista pysy\u00e4 ty\u00f6el\u00e4m\u00e4ss\u00e4 ett\u00e4 el\u00e4kkeelle sopeutumisesta. Se tuottaa empiiristen tulosten ohella monipuolista s\u00e4hk\u00f6isen viestinn\u00e4n (YLE) vauhdittamaa kansalaiskeskustelua.<\/p><p><b>Rahoittajat<\/b><br \/>Koneen s\u00e4\u00e4ti\u00f6 ja Ty\u00f6suojelurahasto<\/p><p><b>Tutkijaryhm\u00e4<\/b><br \/>Pirjo Nikander (hankkeen johtaja), pirjo.nikander [at]uta.fi<br \/> Kirsi Lumme-Sandt, kirsi.lumme-sandt [at]uta.fi<br \/> Clas-H\u00e5kan Nyg\u00e5rd, clas-hakan.nygard [at]uta.fi<br \/> Jari Luomanen, jari.luomanen [at]uta.fi<br \/> Anna Siukola, anna.siukola [at]uta.fi<br \/> Elisa Virkola, elisa.virkola [at]uta.fi<\/p><p><a href=\"http:\/\/www.uta.fi\/yky\/2ts\/index.html\"  target=\"_blank\">Lis\u00e4tietoja<\/a><\/p>                    <\/div>                                                                                                                      ","_fi_post_name":"kohti-kaksitahti-suomea-pirjo-nikander-kirsi-lumme-sandt-clas-hakan-nygard","_fi_post_excerpt":"","_fi_post_title":"Kohti kaksitahti-Suomea? \/ Pirjo Nikander, Kirsi Lumme-Sandt, Clas-H\u00e5kan Nyg\u00e5rd","_en_post_content":"","_en_post_name":"","_en_post_excerpt":"","_en_post_title":"","edit_language":"en","footnotes":""},"categories":[1],"tags":[],"class_list":["post-119","post","type-post","status-publish","format-standard","hentry","category-yleinen","entry","no-media"],"_links":{"self":[{"href":"https:\/\/www.gerec.fi\/en\/wp-json\/wp\/v2\/posts\/119","targetHints":{"allow":["GET"]}}],"collection":[{"href":"https:\/\/www.gerec.fi\/en\/wp-json\/wp\/v2\/posts"}],"about":[{"href":"https:\/\/www.gerec.fi\/en\/wp-json\/wp\/v2\/types\/post"}],"author":[{"embeddable":true,"href":"https:\/\/www.gerec.fi\/en\/wp-json\/wp\/v2\/users\/1"}],"replies":[{"embeddable":true,"href":"https:\/\/www.gerec.fi\/en\/wp-json\/wp\/v2\/comments?post=119"}],"version-history":[{"count":0,"href":"https:\/\/www.gerec.fi\/en\/wp-json\/wp\/v2\/posts\/119\/revisions"}],"wp:attachment":[{"href":"https:\/\/www.gerec.fi\/en\/wp-json\/wp\/v2\/media?parent=119"}],"wp:term":[{"taxonomy":"category","embeddable":true,"href":"https:\/\/www.gerec.fi\/en\/wp-json\/wp\/v2\/categories?post=119"},{"taxonomy":"post_tag","embeddable":true,"href":"https:\/\/www.gerec.fi\/en\/wp-json\/wp\/v2\/tags?post=119"}],"curies":[{"name":"wp","href":"https:\/\/api.w.org\/{rel}","templated":true}]}}