{"id":118,"date":"2018-12-11T20:10:18","date_gmt":"2018-12-11T20:10:18","guid":{"rendered":"https:\/\/gerec.fi\/2018\/12\/11\/manage-tutkimusprojekti-miesten-vanhenemisesta-tyoelaman-viimeisista-vuosista-ja-elakkeelle-siirtymisesta-ilkka-pietila-ja-hanna-ojala\/"},"modified":"2018-12-11T20:10:18","modified_gmt":"2018-12-11T20:10:18","slug":"","status":"publish","type":"post","link":"https:\/\/www.gerec.fi\/en\/manage-tutkimusprojekti-miesten-vanhenemisesta-tyoelaman-viimeisista-vuosista-ja-elakkeelle-siirtymisesta-ilkka-pietila-ja-hanna-ojala\/","title":{"rendered":"","raw":""},"content":{"rendered":"","protected":false,"raw":""},"excerpt":{"rendered":"Projektissa tarkastellaan vanhenemista, ty\u00f6el\u00e4m\u00e4n viimeisi\u00e4 vuosia ja el\u00e4kkeelle siirtymist\u00e4 miesten n\u00e4k\u00f6kulmasta. Kiinnostuksen kohteena on se, miten kulttuuriset miehisyyden ideaalit luovat mallit ja rajat sille, kuinka miehet kokevat oman vanhenemisensa ja yhteiskunnallisen asemansa muutoksen ty\u00f6ntekij\u00e4st\u00e4 el\u00e4kel\u00e4iseksi, miten he tulkitsevat erilaisia vaivoja&hellip;","protected":false,"raw":""},"author":1,"featured_media":0,"comment_status":"open","ping_status":"open","sticky":false,"template":"","format":"standard","meta":{"_mi_skip_tracking":false,"_fi_post_content":"<div id=\"articleHeader\"><\/div>                                                                                                                                                                                                                                                                                                                                            <div id=\"content-core\">                                                     <div id=\"parent-fieldname-text-c53a0495bd894908bfee6e93e1db9f31\">            <p>Projektissa tarkastellaan vanhenemista, ty\u00f6el\u00e4m\u00e4n viimeisi\u00e4 vuosia ja el\u00e4kkeelle siirtymist\u00e4 miesten n\u00e4k\u00f6kulmasta. Kiinnostuksen kohteena on se, miten kulttuuriset miehisyyden ideaalit luovat mallit ja rajat sille, kuinka miehet kokevat oman vanhenemisensa ja yhteiskunnallisen asemansa muutoksen ty\u00f6ntekij\u00e4st\u00e4 el\u00e4kel\u00e4iseksi, miten he tulkitsevat erilaisia vaivoja ja oireita suhteessa ik\u00e4\u00e4n ja vanhenemiseen, sek\u00e4 millaisia seurauksia ruumiillisella vanhenemisella on miehille heid\u00e4n arjessaan. Tarkastelun kohteena on lis\u00e4ksi se, millaisin tavoin ik\u00e4 j\u00e4rjest\u00e4\u00e4 miesten v\u00e4lisi\u00e4 suhteita sek\u00e4 miten miehen paikka perheess\u00e4 ja ty\u00f6- ja vapaa-ajan yhteis\u00f6iss\u00e4 muuttuu ik\u00e4\u00e4ntymisen my\u00f6t\u00e4.<\/p><p>Teoreettisena kiinnostuksen kohteena tutkimushankkeessa on ollut i\u00e4n, sukupuolen ja yhteiskuntaluokan yhteenkietoutumisen prosessit; muun muassa se, miten yhteiskuntaluokka eriytt\u00e4\u00e4 ik\u00e4\u00e4ntymisen kokemusta ja el\u00e4kkeelle siirtymisen prosesseja, miten ty\u00f6njakoon liittyv\u00e4t luokkakulttuurit n\u00e4kyv\u00e4t (mies)sukupolvien v\u00e4lisiss\u00e4 suhteissa sek\u00e4 miten ty\u00f6v\u00e4enluokkaiset ja keskiluokkaiset miehet suhtautuvat ik\u00e4\u00e4ntymisen vaikutusten hidastamiseen ja ulkon\u00e4k\u00f6\u00e4 korostavaan kulutuskulttuuriin (ns. anti-ageing).<\/p><p>Tutkimuksen aineisto koostuu 50-55 -vuotiaiden ty\u00f6ss\u00e4 olevien ja 65-70 -vuotiaiden el\u00e4kkeelle siirtyneiden diplomi-insin\u00f6\u00f6rien ja metallimiesten yksil\u00f6- ja ryhm\u00e4haastatteluista. Lis\u00e4ksi projektissa on ker\u00e4tty sanoma- ja aikakauslehtiaineistoa. Hankkeessa vuosina 2010 ja 2011 haastateltujen miesten seurantahaastattelut toteutetaan kev\u00e4\u00e4ll\u00e4 2017.<\/p><p><b>Tutkijaryhm\u00e4<\/b><br \/><i>Vastuullinen tutkija<\/i><br \/> FT, dos. Ilkka Pietil\u00e4 ja KT, dos. Hanna Ojala, Tampereen yliopisto, yhteiskuntatieteiden tiedekunta.<\/p><p><b>Julkaisuja <\/b><br \/> Ojala, Hanna, Pietil\u00e4, Ilkka & Nikander, Pirjo 2016. Immune to ageism? Men\u2019s perceptions of age-based discrimination in everyday contexts. Journal of Aging Studies, 39, 44-53.<\/p><p>Calasanti, Toni, King, Neal, Pietil\u00e4, Ilkka & Ojala, Hanna 2016 (published online). Rationales for anti-aging activities in middle age: aging, health, or appearance? The Gerontologist, doi: 10.1093\/geront\/gnw111.<\/p><p>Ojala, Hanna, Calasanti, Toni, King, Neal & Pietil\u00e4, Ilkka 2016. Natural(ly) men: masculinity and gendered anti-ageing practices in Finland and the USA. Ageing & Society, 36(2), 356-375.<\/p><p>Lumme-Sandt, Kirsi & Pietil\u00e4, Ilkka 2014. Isoisyys. Teoksessa Petteri Eerola & Johanna Mykk\u00e4nen (toim.) Is\u00e4n kokemus. Gaudeamus, Helsinki. 143-158.<\/p><p>Calasanti, Toni, Pietil\u00e4, Ilkka, Ojala, Hanna & King, Neal 2013. Men, Bodily Control, and Health Behaviors. The Importance of Age. Health Psychology 32 (1), 15-23.<\/p><p>Ojala, Hanna & Pietil\u00e4, Ilkka (toim.) 2013. Miehist\u00e4 puhetta. Miehet, ik\u00e4\u00e4ntyminen ja vanhenemisen kulttuuriset mallit. Tampere University Press, Tampere.<\/p><p>Ojala, Hanna & Pietil\u00e4, Ilkka 2013. Maskuliinisuuden hegemoniasta monenkirjaviin eroihin. Kriittisen miestutkimuksen avauksia vanhenemisen tutkimukseen. Teoksessa Hanna Ojala & Ilkka Pietil\u00e4 (toim.) Miehist\u00e4 puhetta. Miehet, ik\u00e4\u00e4ntyminen ja vanhenemisen kulttuuriset mallit. Tampere University Press, Tampere. 17-37.<\/p><p>Pietil\u00e4, Ilkka 2013. Ty\u00f6miehen vanheneva ruumis ja miesten sosiaaliset j\u00e4rjestykset. Teoksessa Hanna Ojala & Ilkka Pietil\u00e4 (toim.) Miehist\u00e4 puhetta. Miehet, ik\u00e4\u00e4ntyminen ja vanhenemisen kulttuuriset mallit. Tampere University Press, Tampere. 197-223.<\/p><p>Pietil\u00e4, Ilkka, Ojala, Hanna, King, Neal & Calasanti, Toni 2013. Aging male bodies, health and the reproduction of age relations. Journal of Aging Studies 27 (3), 243-251.<\/p><p>Pietil\u00e4, Ilkka & Ojala, Hanna 2011. Acting age in the context of health. Middle-aged working-class men talking about the bodies and aging. Journal of Aging Studies 25 (4), 380-389.<\/p><p>Ojala, Hanna & Pietil\u00e4, Ilkka 2010. Sosiaaligerontologian n\u00e4k\u00f6kulmia sukupuolistuneeseen vanhenemiseen. Gerontologia 24 (4), 335-344.<\/p><p>Pietil\u00e4, Ilkka & Ojala, Hanna 2010. Miesten vanheneminen 2000 -luvun Suomessa. N\u00e4k\u00f6kulmia muuttuviin arkiel\u00e4m\u00e4n k\u00e4yt\u00e4nt\u00f6ihin ja yhteiskuntapolitiikkaan. Futura 29 (3), 66-71.<\/p>                    <\/div>                                                                                                                      ","_fi_post_name":"manage-tutkimusprojekti-miesten-vanhenemisesta-tyoelaman-viimeisista-vuosista-ja-elakkeelle-siirtymisesta-ilkka-pietila-ja-hanna-ojala","_fi_post_excerpt":"","_fi_post_title":"MANage: Tutkimusprojekti miesten vanhenemisesta, ty\u00f6el\u00e4m\u00e4n viimeisist\u00e4 vuosista ja el\u00e4kkeelle siirtymisest\u00e4 \/ Ilkka Pietil\u00e4 ja Hanna Ojala","_en_post_content":"","_en_post_name":"","_en_post_excerpt":"","_en_post_title":"","edit_language":"en","footnotes":""},"categories":[1],"tags":[],"class_list":["post-118","post","type-post","status-publish","format-standard","hentry","category-yleinen","entry","no-media"],"_links":{"self":[{"href":"https:\/\/www.gerec.fi\/en\/wp-json\/wp\/v2\/posts\/118","targetHints":{"allow":["GET"]}}],"collection":[{"href":"https:\/\/www.gerec.fi\/en\/wp-json\/wp\/v2\/posts"}],"about":[{"href":"https:\/\/www.gerec.fi\/en\/wp-json\/wp\/v2\/types\/post"}],"author":[{"embeddable":true,"href":"https:\/\/www.gerec.fi\/en\/wp-json\/wp\/v2\/users\/1"}],"replies":[{"embeddable":true,"href":"https:\/\/www.gerec.fi\/en\/wp-json\/wp\/v2\/comments?post=118"}],"version-history":[{"count":0,"href":"https:\/\/www.gerec.fi\/en\/wp-json\/wp\/v2\/posts\/118\/revisions"}],"wp:attachment":[{"href":"https:\/\/www.gerec.fi\/en\/wp-json\/wp\/v2\/media?parent=118"}],"wp:term":[{"taxonomy":"category","embeddable":true,"href":"https:\/\/www.gerec.fi\/en\/wp-json\/wp\/v2\/categories?post=118"},{"taxonomy":"post_tag","embeddable":true,"href":"https:\/\/www.gerec.fi\/en\/wp-json\/wp\/v2\/tags?post=118"}],"curies":[{"name":"wp","href":"https:\/\/api.w.org\/{rel}","templated":true}]}}