{"id":117,"date":"2018-12-11T20:10:18","date_gmt":"2018-12-11T20:10:18","guid":{"rendered":"https:\/\/gerec.fi\/2018\/12\/11\/tyo-terveys-ja-tyokyky-keski-iassa-ja-vanhuudessa-flame-clas-hakan-nygard\/"},"modified":"2018-12-11T20:10:18","modified_gmt":"2018-12-11T20:10:18","slug":"","status":"publish","type":"post","link":"https:\/\/www.gerec.fi\/en\/tyo-terveys-ja-tyokyky-keski-iassa-ja-vanhuudessa-flame-clas-hakan-nygard\/","title":{"rendered":"","raw":""},"content":{"rendered":"","protected":false,"raw":""},"excerpt":{"rendered":"Ty\u00f6, terveys ja ty\u00f6kyky keski-i\u00e4ss\u00e4 ja vanhuudessa (FLAME) \/ Clas-H\u00e5kan Nyg\u00e5rd Pitkitt\u00e4istutkimuksessa selvitell\u00e4\u00e4n ty\u00f6n vaikutuksia terveyteen, toiminta- ja ty\u00f6kykyyn ty\u00f6ss\u00e4olon aikana ja vanhuudessa. Yht\u00e4 suurta kohorttia (n=6300) kunnallisen alan ty\u00f6ntekij\u00f6it\u00e4 on seurattu 1980 alkaen nelj\u00e4ss\u00e4 poikkileikkauskyselyss\u00e4 (1980, 1984, 1991, 1997&hellip;","protected":false,"raw":""},"author":1,"featured_media":0,"comment_status":"open","ping_status":"open","sticky":false,"template":"","format":"standard","meta":{"_mi_skip_tracking":false,"_fi_post_content":"<div id=\"articleHeader\"><h1>                    Ty\u00f6, terveys ja ty\u00f6kyky keski-i\u00e4ss\u00e4 ja vanhuudessa (FLAME) \/ Clas-H\u00e5kan Nyg\u00e5rd                 <\/h1><\/div>                                                                                                                                                                                                                                                                                                                                            <div id=\"content-core\">                                                     <div id=\"parent-fieldname-text-ce8f9c8323ad4d0c97d518133183cad8\">            <p>Pitkitt\u00e4istutkimuksessa selvitell\u00e4\u00e4n ty\u00f6n vaikutuksia terveyteen, toiminta- ja ty\u00f6kykyyn ty\u00f6ss\u00e4olon aikana ja vanhuudessa. Yht\u00e4 suurta kohorttia (n=6300) kunnallisen alan ty\u00f6ntekij\u00f6it\u00e4 on seurattu 1980 alkaen nelj\u00e4ss\u00e4 poikkileikkauskyselyss\u00e4 (1980, 1984, 1991, 1997 ja 2009) ja siihen liittyv\u00e4ll\u00e4 rekisteritiedolla.<\/p><p>Tutkimus tuottaa uutta tietoa siit\u00e4, kuinka ty\u00f6n, sen kuormittavuus ja ty\u00f6kyky ennustavat el\u00e4kei\u00e4n toimintakyky\u00e4, aktiivisuutta ja terveytt\u00e4 ja niiss\u00e4 tapahtuvia muutoksia. Tutkimus tuottaa ainutlaatuista tietoa ty\u00f6uran vaikutuksesta vanhuuteen ja on uraa uurtavaa Suomessa ty\u00f6gerontologian tutkimuksen saralla.<\/p><p><b>Tutkimusryhm\u00e4<\/b><br \/> Clas-H\u00e5kan Nyg\u00e5rd, Yhteiskuntatieteellinen tiedekunta, Tampereen yliopisto<br \/> Subas Neupane, Tampereen yliopisto<\/p><p><i>Tohtoriopiskelijat<\/i><br \/> Prakash KC, Tampereen yliopisto<br \/> Johanna Repo, Tampereen yliopisto<\/p><p><i>Yhteisty\u00f6tahot<\/i><br \/> Jyv\u00e4skyl\u00e4n yliopisto (Taina Rantanen)<br \/> Ty\u00f6terveyslaitos (Jorma Seitsamo ja P\u00e4ivi Leino-Arjas)<\/p><p><b>Keskeisimm\u00e4t julkaisut<\/b><br \/> von Bonsdorff MB, Seitsamo J, Ilmarinen J, Nyg\u00e5rd CH, von Bonsdorff ME, Rantanen T. Work ability in midlife as a predictor of mortality and disability in later life: a 28-year prospective follow-up study. Canadian Medical Association Journal 2011;183:E235-42.<\/p><p>von Bonsdorff ME, Kokko K, Seitsamo J, von Bonsdorff MB, Nyg\u00e5rd CH, Ilmarinen J, Rantanen T. Work strain in midlife and 28-year work ability trajectories. Scandinavian Journal of Work, Environment & Health 2011:37:455-63.<\/p><p>von Bonsdorff MB, Seitsamo J, Ilmarinen J, Nyg\u00e5rd CH, von Bonsdorff ME, Rantanen T. Job strain among blue-collar and white-collar employees as a determinant of total mortality: A 28-year population-based follow-up. BMJ Open 2012;2:e000860.<\/p><p>Kulmala J, von Bonsdorff MB, Stenholm S, T\u00f6rm\u00e4kangas T, von Bonsdorff ME, Nyg\u00e5rd CH, Klockars M, Seitsamo J, Ilmarinen J, Rantanen T. Perceived stress symptoms in midlife predict disability in old age. A 28-year prospective cohort study. Journal of Gerontology Series A: Biological Sciences and Medical Sciences 2013;68:984-91.<\/p><p>Prakash K.C.*1, 5, Subas Neupane1, 5, P\u00e4ivi Leino-Arjas1, 2, Mikaela B.von Bonsdorff3 , Taina Rantanen3, Monika E.von Bonsdorff3, Jorma Seitsamo2, Juhani Ilmarinen4, Clas-H\u00e5kan Nyg\u00e5rd1, 5<\/p><p>Midlife job profiles and disabilities in later life: A 28-year follow-up of municipal employees in Finland. Int Arch Occup Environ Health (2016)89(6) 997-1007<\/p><p>J\u00e4\u00e4skel\u00e4inen A, Kausto J, Seitsamo J, Ojaj\u00e4rvi A, Nyg\u00e5rd C-H, Arjas E, Leino-Arjas P. Work ability index and perceived work ability as predictors of disability pension: a prospectory study among Finnish municipal employees (2016) doi:105221\/sweh.3598<\/p>                    <\/div>                                                                                                                      ","_fi_post_name":"tyo-terveys-ja-tyokyky-keski-iassa-ja-vanhuudessa-flame-clas-hakan-nygard","_fi_post_excerpt":"","_fi_post_title":"Ty\u00f6, terveys ja ty\u00f6kyky keski-i\u00e4ss\u00e4 ja vanhuudessa (FLAME) \/ Clas-H\u00e5kan Nyg\u00e5rd","_en_post_content":"","_en_post_name":"","_en_post_excerpt":"","_en_post_title":"","edit_language":"en","footnotes":""},"categories":[1],"tags":[],"class_list":["post-117","post","type-post","status-publish","format-standard","hentry","category-yleinen","entry","no-media"],"_links":{"self":[{"href":"https:\/\/www.gerec.fi\/en\/wp-json\/wp\/v2\/posts\/117","targetHints":{"allow":["GET"]}}],"collection":[{"href":"https:\/\/www.gerec.fi\/en\/wp-json\/wp\/v2\/posts"}],"about":[{"href":"https:\/\/www.gerec.fi\/en\/wp-json\/wp\/v2\/types\/post"}],"author":[{"embeddable":true,"href":"https:\/\/www.gerec.fi\/en\/wp-json\/wp\/v2\/users\/1"}],"replies":[{"embeddable":true,"href":"https:\/\/www.gerec.fi\/en\/wp-json\/wp\/v2\/comments?post=117"}],"version-history":[{"count":0,"href":"https:\/\/www.gerec.fi\/en\/wp-json\/wp\/v2\/posts\/117\/revisions"}],"wp:attachment":[{"href":"https:\/\/www.gerec.fi\/en\/wp-json\/wp\/v2\/media?parent=117"}],"wp:term":[{"taxonomy":"category","embeddable":true,"href":"https:\/\/www.gerec.fi\/en\/wp-json\/wp\/v2\/categories?post=117"},{"taxonomy":"post_tag","embeddable":true,"href":"https:\/\/www.gerec.fi\/en\/wp-json\/wp\/v2\/tags?post=117"}],"curies":[{"name":"wp","href":"https:\/\/api.w.org\/{rel}","templated":true}]}}