{"id":115,"date":"2018-12-11T20:10:18","date_gmt":"2018-12-11T20:10:18","guid":{"rendered":"https:\/\/gerec.fi\/2018\/12\/11\/tyokuormitus-tyokyky-ja-sairaspoissaolot-elintarvikealalla-clas-hakan-nygard\/"},"modified":"2018-12-11T20:10:18","modified_gmt":"2018-12-11T20:10:18","slug":"","status":"publish","type":"post","link":"https:\/\/www.gerec.fi\/en\/tyokuormitus-tyokyky-ja-sairaspoissaolot-elintarvikealalla-clas-hakan-nygard\/","title":{"rendered":"","raw":""},"content":{"rendered":"","protected":false,"raw":""},"excerpt":{"rendered":"Yleisen\u00e4 tavoitteena on seuranta-aineiston perusteella selvitt\u00e4\u00e4 ty\u00f6kuormituksen ja ty\u00f6yhteis\u00f6n ilmapiirin yhteyksi\u00e4 ty\u00f6kykyyn, sairauspoissaoloihin ja sairausl\u00e4sn\u00e4oloon suuressa elintarvikealan konsernissa (Saarioinen oy), ty\u00f6ntekij\u00f6iden ik\u00e4 erityisesti huomioiden. Lis\u00e4ksi perehdyt\u00e4\u00e4n toimintaymp\u00e4rist\u00f6n ja -k\u00e4yt\u00e4nt\u00f6jen muutoksien vaikutuksiin ty\u00f6kykyyn ja ty\u00f6hyvinvointiin.Tutkimuksen seuranta-aineisto koostuu vuosilta 2002 \u2013 2008&hellip;","protected":false,"raw":""},"author":1,"featured_media":0,"comment_status":"open","ping_status":"open","sticky":false,"template":"","format":"standard","meta":{"_mi_skip_tracking":false,"_fi_post_content":"<div id=\"articleHeader\"><\/div>                                                                                                                                                                                                                                                                                                                                            <div id=\"content-core\">                                                     <div id=\"parent-fieldname-text-67dd1f61d7fa47f182891cca31a7d343\">            <p>Yleisen\u00e4 tavoitteena on seuranta-aineiston perusteella selvitt\u00e4\u00e4 ty\u00f6kuormituksen ja ty\u00f6yhteis\u00f6n ilmapiirin yhteyksi\u00e4 ty\u00f6kykyyn, sairauspoissaoloihin ja sairausl\u00e4sn\u00e4oloon suuressa elintarvikealan konsernissa (Saarioinen oy), ty\u00f6ntekij\u00f6iden ik\u00e4 erityisesti huomioiden. Lis\u00e4ksi perehdyt\u00e4\u00e4n toimintaymp\u00e4rist\u00f6n ja -k\u00e4yt\u00e4nt\u00f6jen muutoksien vaikutuksiin ty\u00f6kykyyn ja ty\u00f6hyvinvointiin.<\/p><p>Tutkimuksen seuranta-aineisto koostuu vuosilta 2002 \u2013 2008 ker\u00e4tyist\u00e4 sairauspoissaolorekisteritiedoista ja vuosina 2003, 2005, 2007 ja 2009 toteutetuista kyselyist\u00e4. Ryhm\u00e4haastattelujen avulla paneudutaan sairauspoissaolojen ja konsernin toimintaymp\u00e4rist\u00f6n ja -k\u00e4yt\u00e4nt\u00f6jen v\u00e4liseen yhteyteen.<\/p><p><b>Tutkijaryhm\u00e4<\/b><br \/><i>Vastuullinen tutkija<\/i><br \/> Clas-H\u00e5kan Nyg\u00e5rd, clas-hakan.nygard (at) uta.fi, yhteiskuntatieteellinen tiedekunta, Tampereen yliopisto<\/p><p><i>Muu tutkimusryhm\u00e4<\/i><br \/> Anna Siukola, anna.siukola(at) uta.fi,<br \/> Subas Neupane, subas.neupane (at) uta.fi<\/p><p><i>Tohtoriopiskelijat<\/i><br \/> Kimmo V\u00e4nni, kimmo.vanni(at) tamk.fi, Tampereen ammattikorkeakoulu, Terveys- ja tuottavuusjohtamisen toimenpiteiden vaikutus organisaation terveyskustannuksiin<\/p><p><b>Keskeiset julkaisut<\/b><br \/> Siukola A, Virtanen P, Huhtala H, Nyg\u00e5rd C-H.\u00a0 Absenteeism following a workplace intervention for older food industry workers. Occup Med (Lond) (2011) doi: 10.1093\/occmed\/kqr069 First published online: June 27, 2011<\/p><p>S. Neupane, H. Miranda, P. Virtanen, A. Siukola and C.-H. Nyg\u00e5rd. Multi-site pain and work ability among an industrial Population. Occupational Medicine. Advanced access published August 2011.<\/p><p>Virtanen P. Siukola A,\u00a0 Luukkaala T,\u00a0 Savinainen M,\u00a0 Arola H, Nyg\u00e5rd C-H, Kivim\u00e4ki M, Helenius H, Vahtera J. Sick leaves in four factories-do characteristics of employees and work conditions explain differences in sickness absence between workplaces?\u00a0 Scand J Work Environ Health 2008; 34(4):260-<\/p><p>Subas Neupane1, P\u00e4ivi Leino-Arjas2, Clas-H\u00e5kan Nyg\u00e5rd1, Jodi Oakman3, Pekka Virtanen1 Developmental pathways of multisite musculoskeletal pain: What is the influence of physical and psychosocial working conditions? Int Arch Occup Environ Health. Occupational and environmental medicine (2016) DOI 10.1136\/oemed-2016-103892<\/p><p>Oakman J, Neupane S, Nyg\u00e5rd C-H. Does age matter in predicting musculoskeletal disorder risks? An analysis of work place risks over 4 years. Int Arch Occup Environ Health (2016) 89:1127-1136<\/p>                    <\/div>                                                                                                                      ","_fi_post_name":"tyokuormitus-tyokyky-ja-sairaspoissaolot-elintarvikealalla-clas-hakan-nygard","_fi_post_excerpt":"","_fi_post_title":"Ty\u00f6kuormitus, ty\u00f6kyky ja sairaspoissaolot elintarvikealalla \/ Clas-H\u00e5kan Nyg\u00e5rd","_en_post_content":"","_en_post_name":"","_en_post_excerpt":"","_en_post_title":"","edit_language":"en","footnotes":""},"categories":[1],"tags":[],"class_list":["post-115","post","type-post","status-publish","format-standard","hentry","category-yleinen","entry","no-media"],"_links":{"self":[{"href":"https:\/\/www.gerec.fi\/en\/wp-json\/wp\/v2\/posts\/115","targetHints":{"allow":["GET"]}}],"collection":[{"href":"https:\/\/www.gerec.fi\/en\/wp-json\/wp\/v2\/posts"}],"about":[{"href":"https:\/\/www.gerec.fi\/en\/wp-json\/wp\/v2\/types\/post"}],"author":[{"embeddable":true,"href":"https:\/\/www.gerec.fi\/en\/wp-json\/wp\/v2\/users\/1"}],"replies":[{"embeddable":true,"href":"https:\/\/www.gerec.fi\/en\/wp-json\/wp\/v2\/comments?post=115"}],"version-history":[{"count":0,"href":"https:\/\/www.gerec.fi\/en\/wp-json\/wp\/v2\/posts\/115\/revisions"}],"wp:attachment":[{"href":"https:\/\/www.gerec.fi\/en\/wp-json\/wp\/v2\/media?parent=115"}],"wp:term":[{"taxonomy":"category","embeddable":true,"href":"https:\/\/www.gerec.fi\/en\/wp-json\/wp\/v2\/categories?post=115"},{"taxonomy":"post_tag","embeddable":true,"href":"https:\/\/www.gerec.fi\/en\/wp-json\/wp\/v2\/tags?post=115"}],"curies":[{"name":"wp","href":"https:\/\/api.w.org\/{rel}","templated":true}]}}