{"id":107,"date":"2018-12-11T20:10:17","date_gmt":"2018-12-11T20:10:17","guid":{"rendered":"https:\/\/gerec.fi\/2018\/12\/11\/tervaskannot-90-marja-jylha\/"},"modified":"2018-12-11T20:10:17","modified_gmt":"2018-12-11T20:10:17","slug":"","status":"publish","type":"post","link":"https:\/\/www.gerec.fi\/en\/tervaskannot-90-marja-jylha\/","title":{"rendered":"","raw":""},"content":{"rendered":"","protected":false,"raw":""},"excerpt":{"rendered":"Tervaskannot 90+ (TK 90+) Tervaskannot 90+ -tutkimus \u2013 Tampereen vanhimpia tutkitaan taas Tervaskannot 90+ on kaikkein vanhimpien tamperelaisten el\u00e4m\u00e4ntilanteeseen ja terveyteen kohdistuva laaja monivuotinen tutkimushanke. Tutkimusta tehd\u00e4\u00e4n, koska yli 90-vuotiaat ovat nopeimmin kasvava ik\u00e4ryhm\u00e4 Suomessa ja heid\u00e4n tilanteestaan tarvitaan lis\u00e4\u00e4&hellip;","protected":false,"raw":""},"author":1,"featured_media":0,"comment_status":"open","ping_status":"open","sticky":false,"template":"","format":"standard","meta":{"_mi_skip_tracking":false,"_fi_post_content":"<div id=\"articleHeader\"><h1>                    Tervaskannot 90+ (TK 90+)                 <\/h1><\/div>                                                                                                                                                                                                                     <div id=\"parent-fieldname-description\">                   Tervaskannot 90+ -tutkimus \u2013 Tampereen vanhimpia tutkitaan taas                <\/div>                                                                                                                       <div id=\"content-core\">                                                     <div id=\"parent-fieldname-text-7675b76c76db44dda69b0cbed41c849b\">            <p>Tervaskannot 90+ on kaikkein vanhimpien tamperelaisten el\u00e4m\u00e4ntilanteeseen ja terveyteen kohdistuva laaja monivuotinen tutkimushanke. Tutkimusta tehd\u00e4\u00e4n, koska yli 90-vuotiaat ovat nopeimmin kasvava ik\u00e4ryhm\u00e4 Suomessa ja heid\u00e4n tilanteestaan tarvitaan lis\u00e4\u00e4 tietoa. Tuloksista kerrotaan p\u00e4\u00e4t\u00f6ksentekij\u00f6ille valtakunnallisesti ja Tampereella. Niit\u00e4 k\u00e4ytet\u00e4\u00e4n my\u00f6s l\u00e4\u00e4k\u00e4rien sek\u00e4 muiden terveys- ja sosiaalialan asiantuntijoiden koulutuksessa. Tavoitteena on parantaa vanhojen asemaa ja palveluita niin, ett\u00e4 el\u00e4m\u00e4 olisi hyv\u00e4\u00e4 loppuun saakka.<\/p><p>Tutkimuksessa on vuosien varrella koottu monenlaista aineistoa. Kev\u00e4\u00e4ll\u00e4 2018 toteutettiin uusin ja jo yhdeks\u00e4s postikysely. Jokainen vuonna 1928 tai sit\u00e4 aiemmin syntynyt tamperelainen sai postissa kyselylomakkeen.<\/p><p>Tutkimusta tehd\u00e4\u00e4n yhteisty\u00f6ss\u00e4 Tampereen kaupungin kanssa, ja tuloksista kerrotaan erilaisissa tiedotusv\u00e4lineiss\u00e4 ja kaikille avoimissa tilaisuuksissa.\u00a0Tuoreimman postikyselyn tuloksia esitell\u00e4\u00e4n ensimm\u00e4ist\u00e4 kertaa Tampereen Kulttuuritalo Laikussa j\u00e4rjestett\u00e4v\u00e4ss\u00e4 yleis\u00f6tilaisuudessa perjantaina 9.11.2018 klo 12.<\/p><p>Tervetuloa paikan p\u00e4\u00e4lle kuuntelemaan ja keskustelemaan! Lis\u00e4tietoja tilaisuudesta: Suvi Laakso, 050 437 7587.<\/p><p>Tervaskannot 90+-tutkimuksesta enemm\u00e4n <a href=\"http:\/\/www.gerec.fi\/tutkimus\/terveys-toimintakykyisyys-biologinen\/tervaskantojen-lisasivut\/tietoa-tervaskannot-90-tutkimuksesta\"  target=\"_blank\"><strong>t\u00e4\u00e4ll\u00e4<\/strong><\/a><\/p><p>Jos haluat kysy\u00e4 tutkimuksesta lis\u00e4\u00e4, l\u00e4het\u00e4 meille s\u00e4hk\u00f6postia osoitteeseen <a href=\"mailto:\/\/%E2%80%9Dtervaskannot@uta.fi\"  target=\"_blank\">\u201dtervaskannot@uta.fi<\/a>\u201d.<\/p><p>Tutkimuksen johtaja on gerontologian professori, l\u00e4\u00e4ketieteen tohtori Marja Jylh\u00e4 puh 040\u00a0588 9100.<\/p><p><a href=\"http:\/\/www.gerec.fi\/tutkimus\/terveys-toimintakykyisyys-biologinen\/tervaskantojen-lisasivut\/tervaskannot-90-tutkijaryhma\"  target=\"_blank\"><strong>Tutkijaryhm\u00e4<\/strong><\/a><\/p><p><a href=\"http:\/\/www.gerec.fi\/tutkimus\/terveys-toimintakyky\/vaitoskirjat-tervaskannot-90\"  target=\"_blank\"><strong>V\u00e4it\u00f6skirjat<\/strong><\/a><\/p><p><strong><a href=\"http:\/\/www.gerec.fi\/tutkimus\/terveys-toimintakykyisyys-biologinen\/tervaskantojen-lisasivut\/julkaisut\"  target=\"_blank\">Julkaisuja<\/a><\/strong><\/p><p><strong><a href=\"http:\/\/www.gerec.fi\/tutkimus\/terveys-toimintakykyisyys-biologinen\/tervaskantojen-lisasivut\/esite-1\"  target=\"_blank\">Tervaskannot 90+ Tampereen vanhimpia tutkitaan taas -esite\u00a0t\u00e4\u00e4ll\u00e4<\/a><\/strong><\/p>                    <\/div>                                                                                                                          ","_fi_post_name":"tervaskannot-90-marja-jylha","_fi_post_excerpt":"","_fi_post_title":"Tervaskannot 90+ (TK 90+)","_en_post_content":"","_en_post_name":"","_en_post_excerpt":"","_en_post_title":"","edit_language":"en","footnotes":""},"categories":[1],"tags":[],"class_list":["post-107","post","type-post","status-publish","format-standard","hentry","category-yleinen","entry","no-media"],"_links":{"self":[{"href":"https:\/\/www.gerec.fi\/en\/wp-json\/wp\/v2\/posts\/107","targetHints":{"allow":["GET"]}}],"collection":[{"href":"https:\/\/www.gerec.fi\/en\/wp-json\/wp\/v2\/posts"}],"about":[{"href":"https:\/\/www.gerec.fi\/en\/wp-json\/wp\/v2\/types\/post"}],"author":[{"embeddable":true,"href":"https:\/\/www.gerec.fi\/en\/wp-json\/wp\/v2\/users\/1"}],"replies":[{"embeddable":true,"href":"https:\/\/www.gerec.fi\/en\/wp-json\/wp\/v2\/comments?post=107"}],"version-history":[{"count":0,"href":"https:\/\/www.gerec.fi\/en\/wp-json\/wp\/v2\/posts\/107\/revisions"}],"wp:attachment":[{"href":"https:\/\/www.gerec.fi\/en\/wp-json\/wp\/v2\/media?parent=107"}],"wp:term":[{"taxonomy":"category","embeddable":true,"href":"https:\/\/www.gerec.fi\/en\/wp-json\/wp\/v2\/categories?post=107"},{"taxonomy":"post_tag","embeddable":true,"href":"https:\/\/www.gerec.fi\/en\/wp-json\/wp\/v2\/tags?post=107"}],"curies":[{"name":"wp","href":"https:\/\/api.w.org\/{rel}","templated":true}]}}