{"id":102,"date":"2018-12-11T20:10:17","date_gmt":"2018-12-11T20:10:17","guid":{"rendered":"https:\/\/gerec.fi\/2018\/12\/11\/iakkaiden-ihmisten-liikkumiskyky-ja-elinpiiri-lispe-taina-rantanen-ja-elinpiiri-ja-aktiivisena-vanheneminen-miia-taina-rantanen\/"},"modified":"2018-12-11T20:10:17","modified_gmt":"2018-12-11T20:10:17","slug":"","status":"publish","type":"post","link":"https:\/\/www.gerec.fi\/en\/iakkaiden-ihmisten-liikkumiskyky-ja-elinpiiri-lispe-taina-rantanen-ja-elinpiiri-ja-aktiivisena-vanheneminen-miia-taina-rantanen\/","title":{"rendered":"","raw":""},"content":{"rendered":"","protected":false,"raw":""},"excerpt":{"rendered":"I\u00e4kk\u00e4iden ihmisten liikkumiskyky ja elinpiiri (LISPE) \/ Taina Rantanen LISPE on vuosina 2011-2015 toteutettu pitkitt\u00e4istutkimus. Tutkimuksen tavoitteena oli tarkastella, miten i\u00e4kk\u00e4iden ihmisten koti- ja l\u00e4hiymp\u00e4rist\u00f6n piirteet ja henkil\u00f6n toimintakyky yhdess\u00e4 muokkaavat elinpiirin laajuutta ja el\u00e4m\u00e4nlaatua. P\u00e4\u00e4vastemittarina toimi The Life-Space Assessment&hellip;","protected":false,"raw":""},"author":1,"featured_media":0,"comment_status":"open","ping_status":"open","sticky":false,"template":"","format":"standard","meta":{"_mi_skip_tracking":false,"_fi_post_content":"<div id=\"articleHeader\"><h1>                    I\u00e4kk\u00e4iden ihmisten liikkumiskyky ja elinpiiri (LISPE) \/ Taina Rantanen                 <\/h1><\/div>                                                                                                                                                                                                                                                                                                                                                                                                             <p>LISPE on vuosina 2011-2015 toteutettu pitkitt\u00e4istutkimus. Tutkimuksen tavoitteena oli tarkastella, miten i\u00e4kk\u00e4iden ihmisten koti- ja l\u00e4hiymp\u00e4rist\u00f6n piirteet ja henkil\u00f6n toimintakyky yhdess\u00e4 muokkaavat elinpiirin laajuutta ja el\u00e4m\u00e4nlaatua. P\u00e4\u00e4vastemittarina toimi The Life-Space Assessment -mittari (Elinpiirin arviointi).<\/p><p>Tutkimus kesti kaksi vuotta, mink\u00e4 aikana henkil\u00f6it\u00e4 haastateltiin kolme kertaa; alkutilanteessa, vuoden kuluttua sek\u00e4 kahden vuoden kuluttua. Tutkimuksen osallistujat olivat 75-90-vuotiaita Jyv\u00e4skyl\u00e4n ja Muuramen alueella itsen\u00e4isesti asuvia henkil\u00f6it\u00e4. Hankkeeseen otettiin mukaan 848 henkil\u00f6\u00e4.\u00a0 Kotihaastattelusta ker\u00e4ttiin tietoja elinpiirist\u00e4, koetusta ymp\u00e4rist\u00f6 esteist\u00e4 ja liikkumaan houkuttelevista tekij\u00f6ist\u00e4, terveydest\u00e4, liikkumiskyvyst\u00e4, toimintakyvyst\u00e4, osallistumisesta, fyysisest\u00e4 aktiivisuudesta, henkil\u00f6kohtaisista tavoitteista ja el\u00e4m\u00e4nlaadusta.\u00a0 Lis\u00e4ksi arvioitiin kodin l\u00e4hiymp\u00e4rist\u00f6\u00e4 sek\u00e4 mitattiin tutkittavien liikkumiskyky\u00e4. Kuolleisuus- ja sairaalahoitotietoja ker\u00e4ttiin rekistereist\u00e4.<\/p><p>Tutkittavista valittiin lis\u00e4ksi 174 henkil\u00f6n ryhm\u00e4, joka k\u00e4yttiv\u00e4t seitsem\u00e4n p\u00e4iv\u00e4n ajan askelmittaria (kiihtyvyysmittaria) sek\u00e4 t\u00e4yttiv\u00e4t liikuntap\u00e4iv\u00e4kirjaa. Lis\u00e4ksi 360 henkil\u00f6\u00e4 t\u00e4ytti liikuntap\u00e4iv\u00e4kirjaa seitsem\u00e4n p\u00e4iv\u00e4n aikana. K\u00e4velytutkimuksen tarkoituksena oli selvitt\u00e4\u00e4 ik\u00e4\u00e4ntyneiden ihmisten liikkumista ja fyysist\u00e4 aktiivisuutta. Lis\u00e4ksi tutkittiin liikunnan m\u00e4\u00e4r\u00e4n ja elinpiirin koon yhteytt\u00e4.<\/p><p>Tutkimuksella saatiin lis\u00e4tietoa siit\u00e4, miten yksil\u00f6n ja ymp\u00e4rist\u00f6n ominaisuudet vaikuttavat ik\u00e4\u00e4ntyneiden fyysiseen aktiivisuuteen ja liikkumiseen. Tutkimuksen tuottamaa uutta tietoa voidaan hy\u00f6dynt\u00e4\u00e4 esimerkiksi kaupunkisuunnittelussa, jotta voidaan kehitt\u00e4\u00e4 ymp\u00e4rist\u00f6\u00e4 kaiken ik\u00e4isille sopivaksi ja houkuttelevaksi liikkumiseen.<\/p><p><b>Rahoittajat <\/b><br \/> Suomen Akatemia - Asumisen tulevaisuus tutkimusohjelma, Opetus- ja Kulttuuriministeri\u00f6, Jyv\u00e4skyl\u00e4n yliopisto<\/p><p><b>Tutkijaryhm\u00e4<\/b><br \/><i>Vastuullinen tutkija<\/i>Professori <a href=\"http:\/\/www.jyu.fi\/sport\/laitokset\/terveys\/henkilokunta\/rantanen-taina\"  target=\"_blank\">Taina Rantanen<\/a>, Gerontologian tutkimuskeskus, Liikuntatieteellinen tiedekunta, Jyv\u00e4skyl\u00e4n yliopisto<\/p><p><i>Yhteisty\u00f6kumppanit<\/i><br \/> Lundin yliopisto, Center for Supportive Environments (Prof. Susanne Iwarsson)<\/p><p><b>Keskeisimm\u00e4t julkaisut<\/b><br \/> Rantakokko M, Iwarsson S, M\u00e4nty M, Leinonen R, Rantanen T. Perceived barriers to mobility in the outdoor environment and development of walking difficulty in older people. Age and Ageing 2012;41(1):118-21.<\/p><p>Rantakokko, M, Iwarsson S,\u00a0 Kauppinen M, Leinonen R, Heikkinen E, Rantanen T. Quality of Life and Barriers in the Outdoor Environment in Old Age. J Am Geriatr Soc 2010;58(11):2154-9.<\/p><p>Eronen J, von Bonsdorff MB, Rantakokko M, Rantanen T. Accumulation of disparity in physical activity in old age. Aging, Clinical Experimental Research Epub ahead of print 2012 Apr 23, doi: 10.3275\/8389<\/p><p>Rantanen T, Portegijs E, Viljanen A, Eronen J, Saajanaho M, Tsai L-T, Kauppinen M, Palonen E-M, Sipil\u00e4 S, Iwarsson S, Rantakokko M. Individual and Environmental Factors Underlying Life-Space of Older People \u2013 Study Protocol and Design of a Cohort Study on Life Space Mobility in Old Age (LISPE). BMC Public Health 2012, 12:1018. DOI: 10.1186\/1471-2458-12-1018.<\/p>                    ","_fi_post_name":"iakkaiden-ihmisten-liikkumiskyky-ja-elinpiiri-lispe-taina-rantanen-ja-elinpiiri-ja-aktiivisena-vanheneminen-miia-taina-rantanen","_fi_post_excerpt":"","_fi_post_title":"I\u00e4kk\u00e4iden ihmisten liikkumiskyky ja elinpiiri (LISPE) \/ Taina Rantanen","_en_post_content":"","_en_post_name":"","_en_post_excerpt":"","_en_post_title":"","edit_language":"en","footnotes":""},"categories":[1],"tags":[],"class_list":["post-102","post","type-post","status-publish","format-standard","hentry","category-yleinen","entry","no-media"],"_links":{"self":[{"href":"https:\/\/www.gerec.fi\/en\/wp-json\/wp\/v2\/posts\/102","targetHints":{"allow":["GET"]}}],"collection":[{"href":"https:\/\/www.gerec.fi\/en\/wp-json\/wp\/v2\/posts"}],"about":[{"href":"https:\/\/www.gerec.fi\/en\/wp-json\/wp\/v2\/types\/post"}],"author":[{"embeddable":true,"href":"https:\/\/www.gerec.fi\/en\/wp-json\/wp\/v2\/users\/1"}],"replies":[{"embeddable":true,"href":"https:\/\/www.gerec.fi\/en\/wp-json\/wp\/v2\/comments?post=102"}],"version-history":[{"count":0,"href":"https:\/\/www.gerec.fi\/en\/wp-json\/wp\/v2\/posts\/102\/revisions"}],"wp:attachment":[{"href":"https:\/\/www.gerec.fi\/en\/wp-json\/wp\/v2\/media?parent=102"}],"wp:term":[{"taxonomy":"category","embeddable":true,"href":"https:\/\/www.gerec.fi\/en\/wp-json\/wp\/v2\/categories?post=102"},{"taxonomy":"post_tag","embeddable":true,"href":"https:\/\/www.gerec.fi\/en\/wp-json\/wp\/v2\/tags?post=102"}],"curies":[{"name":"wp","href":"https:\/\/api.w.org\/{rel}","templated":true}]}}