{"id":101,"date":"2018-12-11T20:10:17","date_gmt":"2018-12-11T20:10:17","guid":{"rendered":"https:\/\/gerec.fi\/2018\/12\/11\/ovatko-vanhat-ihmiset-nuortuneet-toimintakyvyn-ja-koetun-ian-kohorttierot-28-vuoden-valein-arvioiduilla-75-ja-80-vuotiailla-henkiloilla-ikivihreat-2-taina-rantanen\/"},"modified":"2018-12-11T20:10:17","modified_gmt":"2018-12-11T20:10:17","slug":"","status":"publish","type":"post","link":"https:\/\/www.gerec.fi\/en\/ovatko-vanhat-ihmiset-nuortuneet-toimintakyvyn-ja-koetun-ian-kohorttierot-28-vuoden-valein-arvioiduilla-75-ja-80-vuotiailla-henkiloilla-ikivihreat-2-taina-rantanen\/","title":{"rendered":"","raw":""},"content":{"rendered":"","protected":false,"raw":""},"excerpt":{"rendered":"Ovatko vanhat ihmiset nuortuneet? Toimintakyvyn ja koetun i\u00e4n kohorttierot 28 vuoden v\u00e4lein arvioiduilla 75- ja 80-vuotiailla henkil\u00f6ill\u00e4 (Ikivihre\u00e4t 2) Ovatko vanhat ihmiset nuortuneet? Toimintakyvyn ja koetun i\u00e4n kohorttierot 28 vuoden v\u00e4lein arvioiduilla 75- ja 80-vuotiailla henkil\u00f6ill\u00e4 (Ikivihre\u00e4t 2) \/ Taina&hellip;","protected":false,"raw":""},"author":1,"featured_media":0,"comment_status":"open","ping_status":"open","sticky":false,"template":"","format":"standard","meta":{"_mi_skip_tracking":false,"_fi_post_content":"<div id=\"articleHeader\"><h1>Ovatko vanhat ihmiset nuortuneet? Toimintakyvyn ja koetun i\u00e4n kohorttierot 28 vuoden v\u00e4lein arvioiduilla 75- ja 80-vuotiailla henkil\u00f6ill\u00e4 (Ikivihre\u00e4t 2)<\/h1><\/div>                                                                                                                                                                                                                                            Ovatko vanhat ihmiset nuortuneet? Toimintakyvyn ja koetun i\u00e4n kohorttierot 28 vuoden v\u00e4lein arvioiduilla 75- ja 80-vuotiailla henkil\u00f6ill\u00e4 (Ikivihre\u00e4t 2) \/ Taina Rantanen                                                                                                                                                                                                                                                                                                                                                             <div id=\"content-core\">                                                     <div id=\"parent-fieldname-text-912bfaabf0cd47bebf8f85db708729f3\">            <p>Tarkoitus on selvitt\u00e4\u00e4, ovatko i\u00e4kk\u00e4\u00e4t ihmiset muuttumassa nuoremmiksi. I\u00e4kk\u00e4iden ihmisten alentunut kuolleisuus viittaa siihen, ett\u00e4 tietynik\u00e4iset ihmiset t\u00e4n\u00e4 p\u00e4iv\u00e4n\u00e4 saattavat tuntea itsens\u00e4 nuoremmiksi kuin samanik\u00e4iset ihmiset mennein\u00e4 vuosina. Saattaa olla, ett\u00e4 nykyvanhusten toiminnallinen ik\u00e4 on nuorekkaampi kuin aiempien kohorttien oli samassa i\u00e4ss\u00e4. T\u00e4t\u00e4 voi tutkia vertaamalla objektiivisten toimintakykymittausten tuloksia, kuten lihasvoimaa tai aistitoimintoja, eri vuosina syntyneiden samanik\u00e4isten ihmisten v\u00e4lill\u00e4. Tiet\u00e4\u00e4ksemme ei ole aiempia tutkimuksia joissa kohorttieroja olisi selvitetty objektiivisten mittausten ja koetun i\u00e4n avulla. Tutkimus toteutetaan ker\u00e4\u00e4m\u00e4ll\u00e4 standardoitua tietoa 75- ja 80-vuotaista henkil\u00f6ist\u00e4 vuonna 2017 ja vertaamalla sit\u00e4 samoilla menetelmill\u00e4 1989-1990 ker\u00e4ttyyn tietoon. Tuloksia voi hy\u00f6dynt\u00e4\u00e4 esimerkiksi arvioitaessa toiminnavajausten yleisyytt\u00e4 tai hoidon tarvetta tulevaisuudessa. Tieto saattaa my\u00f6s lievitt\u00e4\u00e4 ageistisia asenteita. Hanke toteutetaan AGNES-hankkeen yhteydess\u00e4 vuosina 2017-2021.<\/p><p><b>Rahoittajat<br \/><\/b>Suomen Akatemia<\/p><p><b>Vastuullinen tutkija<br \/><\/b>Professori <a href=\"https:\/\/www.jyu.fi\/sport\/fi\/tiedekunta\/henkilosto\/opetus-tutkimus\/rantanen-taina\"  target=\"_blank\"><span>Taina Rantanen<\/span><\/a>, Gerontologian tutkimuskeskus, Liikuntatieteellinen tiedekunta, Jyv\u00e4skyl\u00e4n yliopisto<\/p>                    <\/div>                                     <\/div>                                                                                 ","_fi_post_name":"ovatko-vanhat-ihmiset-nuortuneet-toimintakyvyn-ja-koetun-ian-kohorttierot-28-vuoden-valein-arvioiduilla-75-ja-80-vuotiailla-henkiloilla-ikivihreat-2-taina-rantanen","_fi_post_excerpt":"","_fi_post_title":"Ovatko vanhat ihmiset nuortuneet? Toimintakyvyn ja koetun i\u00e4n kohorttierot 28 vuoden v\u00e4lein arvioiduilla 75- ja 80-vuotiailla henkil\u00f6ill\u00e4 (Ikivihre\u00e4t 2)","_en_post_content":"","_en_post_name":"","_en_post_excerpt":"","_en_post_title":"","edit_language":"en","footnotes":""},"categories":[1],"tags":[],"class_list":["post-101","post","type-post","status-publish","format-standard","hentry","category-yleinen","entry","no-media"],"_links":{"self":[{"href":"https:\/\/www.gerec.fi\/en\/wp-json\/wp\/v2\/posts\/101","targetHints":{"allow":["GET"]}}],"collection":[{"href":"https:\/\/www.gerec.fi\/en\/wp-json\/wp\/v2\/posts"}],"about":[{"href":"https:\/\/www.gerec.fi\/en\/wp-json\/wp\/v2\/types\/post"}],"author":[{"embeddable":true,"href":"https:\/\/www.gerec.fi\/en\/wp-json\/wp\/v2\/users\/1"}],"replies":[{"embeddable":true,"href":"https:\/\/www.gerec.fi\/en\/wp-json\/wp\/v2\/comments?post=101"}],"version-history":[{"count":0,"href":"https:\/\/www.gerec.fi\/en\/wp-json\/wp\/v2\/posts\/101\/revisions"}],"wp:attachment":[{"href":"https:\/\/www.gerec.fi\/en\/wp-json\/wp\/v2\/media?parent=101"}],"wp:term":[{"taxonomy":"category","embeddable":true,"href":"https:\/\/www.gerec.fi\/en\/wp-json\/wp\/v2\/categories?post=101"},{"taxonomy":"post_tag","embeddable":true,"href":"https:\/\/www.gerec.fi\/en\/wp-json\/wp\/v2\/tags?post=101"}],"curies":[{"name":"wp","href":"https:\/\/api.w.org\/{rel}","templated":true}]}}